{"id":894,"date":"2020-10-10T14:09:29","date_gmt":"2020-10-10T11:09:29","guid":{"rendered":"https:\/\/totalitarism.ro\/wp\/?p=894"},"modified":"2023-11-29T11:25:03","modified_gmt":"2023-11-29T09:25:03","slug":"membrii-corpului-de-cercetare","status":"publish","type":"post","link":"https:\/\/totalitarism.ro\/?p=894","title":{"rendered":"MEMBRII CORPULUI DE CERCETARE"},"content":{"rendered":"\n<p><\/p>\n\n\n\n<p><strong>ABRAHAM,\u00a0Florin<\/strong><\/p>\n\n\n\n<p><strong>Data&nbsp;\u015fi locul na\u015fterii:<\/strong>&nbsp;1 octombrie 1975, Jibou, jud. S\u0103laj.<\/p>\n\n\n\n<p><strong>Studii<\/strong>: doctor \u00een istorie, Universitatea &#8222;Babe\u015f-Bolyai&#8221;, cu teza&nbsp;<em>Sistemul politic din Rom\u00e2nia: 1989-2004<\/em>; master \u00een Istorie contemporan\u0103 \u015fi rela\u0163ii interna\u0163ionale,&nbsp;Cluj-Napoca, 1999; Facultatea de Istorie, specializarea Istorie contemporan\u0103, Universitatea &#8222;Babe\u015f-Bolyai&#8221;,&nbsp;Cluj-Napoca, 1998.<\/p>\n\n\n\n<p><strong>Func\u0163ia actual\u0103<\/strong>: cercet\u0103tor \u015ftiin\u0163ific III \u00een cadrul I.N.S.T.<\/p>\n\n\n\n<p><strong>Domenii de interes<\/strong>: regimurile politice \u00een perioada de tranzi\u0163ie din Europa Central\u0103; istoria \u015fi teoria rela\u0163iilor interna\u0163ionale; metodologia cercet\u0103rii istorice.<\/p>\n\n\n\n<p><strong>Volume publicate<\/strong>:&nbsp;<em>Doctrine \u015fi partide politice europene,&nbsp;<\/em>Centrul Rom\u00e2n de Studii Regionale, Bucure\u015fti, 2007 (\u00een colaborare);&nbsp;<em>Transformarea Rom\u00e2niei: 1989-2006. Rolul factorilor externi<\/em>, I.N.S.T., Bucure\u015fti, 2006;&nbsp;<em>Rom\u00e2nia de la comunism la capitalism<\/em>, Tritonic, Bucure\u015fti, 2006.<\/p>\n\n\n\n<p><strong>B\u0102L\u0102NESCU,&nbsp;Flori<\/strong><\/p>\n\n\n\n<p><strong>Data \u015fi locul na\u015fterii<\/strong>: 31 martie 1969, Craiova.<\/p>\n\n\n\n<p><strong>Studii<\/strong>: studii aprofundate, Facultatea de Istorie, Universitatea din Bucure\u015fti, 1995; Facultatea de Istorie, Universitatea din Bucure\u015fti, 1994.<\/p>\n\n\n\n<p><strong>Func\u0163ia actual\u0103<\/strong>: cercet\u0103tor \u015ftiin\u0163ific III \u00een cadrul I.N.S.T.<\/p>\n\n\n\n<p><strong>Domenii de interes<\/strong>: regimul de deten\u0163ie \u00een comunism, forme de represiune, mecanismele psihologice ale ideologiei \u00een sfera sociocultural\u0103, femeia \u00een comunism, responsabilitatea intelectualului \u00een comunism.<\/p>\n\n\n\n<p><strong>Volume recente<\/strong>:&nbsp;<em>Biserica \u00eentemni\u0163at\u0103. Rom\u00e2nia, 1944-1989<\/em>, I.N.S.T., Bucure\u015fti, 1998 (coautor);&nbsp;Flori St\u0103nescu (B\u0103l\u0103nescu), Paul Goma,<em>Dialog,&nbsp;<\/em>Editura Vremea, Bucure\u015fti, 2008;&nbsp;<em>Alexandru Budi\u015fteanu \u00een dialog cu Flori B\u0103l\u0103nescu. \u00centre istorie \u015fi judecata posterit\u0103\u0163ii<\/em>, I.N.S.T., Bucure\u015fti, 2010;&nbsp;<em>Rom\u00e2nia, 1945-1989. Enciclopedia regimului comunist. Represiunea<\/em>, vol. I:&nbsp;<em>A-E<\/em>&nbsp;(coord. Octavian Roske),&nbsp;I.N.S.T.,&nbsp;Bucure\u015fti, 2011 (coautor);&nbsp;<em>Rom\u00e2nia, 1945-1989. Enciclopedia regimului comunist. Represiunea<\/em>, vol. al II-lea:&nbsp;<em>F-O&nbsp;<\/em>(coord. Octavian Roske),&nbsp;I.N.S.T.,&nbsp;Bucure\u015fti, 2012 (coautor);&nbsp;<em>Condi\u0163ia intelectualului disident \u00een Rom\u00e2nia comunist\u0103<\/em>, Editura Aius, Craiova, 2012 (coautor);&nbsp;<em>Dialoguri bratisl\u0103vene<\/em>, Univerzita Komensk\u00e9hov Bratislave, editori Daniela Sitar-T\u0103ut, Romana Rydza, Miroslav Uram, Michaela Durackova, Silvia Steinerova, 2013 (coautor);&nbsp;<em>Colocviile Ion D. S\u00eerbu, Craiova, 11-12 octombrie 2013<\/em>, Editura Autograf MJM, Craiova, 2014 (coautor).<\/p>\n\n\n\n<p><strong>BELDIMAN, Corneliu<\/strong><\/p>\n\n\n\n<p><strong>Data \u015fi locul na\u015fterii<\/strong>: 20 iunie 1958, Bucure\u015fti.<\/p>\n\n\n\n<p><strong>Studii<\/strong>: doctor \u00een istorie, Academia Rom\u00e2n\u0103, 2000, cu teza&nbsp;<em>Industria materiilor dure animale \u00een paleoliticul superior, mezolitic si neoliticul timpuriu pe teritoriul Rom\u00e2niei<\/em>; Facultatea de Istorie-Filosofie, Universitatea din Bucure\u015fti, 1985.<\/p>\n\n\n\n<p><strong>Func\u0163ia actual\u0103<\/strong>: cercet\u0103tor \u015ftiin\u0163ific II \u00een cadrul I.N.S.T.; lector la Facultatea de Istorie a Universit\u0103\u0163ii Cre\u015ftine &#8222;Dimitrie Cantemir&#8221;.<\/p>\n\n\n\n<p><strong>Domenii de interes<\/strong>: mi\u015fc\u0103ri de dreapta \u015fi extrema dreapt\u0103 \u00een perioada interbelic\u0103; institu\u0163ia armatei \u00een perioada interbelic\u0103; regimuri autoritare \u015fi totalitare \u00een Rom\u00e2nia \u015fi Europa perioadei interbelice; regimul penitenciar \u00een perioada interbelic\u0103.<\/p>\n\n\n\n<p><strong>Volume publicate<\/strong>:&nbsp;<em>Istoria Serviciului Special de Informa\u0163ii<\/em>, Bucure\u015fti, 1998 (\u00een colaborare);&nbsp;<em>Evenimentele din ianuarie 1941 \u00een arhivele germane si rom\u00e2ne<\/em>, vol. I-II, Bucuresti, 1998-1999 (\u00een colaborare);&nbsp;<em>Procesul generalilor. Cercul Profesional Militar al P.N.\u0162. 1946-1948. Documente<\/em>, Editura Vremea, Bucure\u015fti, 2001;&nbsp;<em>Mecanisme represive \u00een Rom\u00e2nia 1945-1989. Dic\u0163ionar biografic<\/em>, vol.&nbsp;I.&nbsp;<em>A-C<\/em>, I.N.S.T., Bucure\u015fti, 2001 (coautor);&nbsp;<em>Ideologie \u015fi forma\u0163iuni de dreapta \u00een Rom\u00e2nia<\/em>, vol. III: 1931-1934, I.N.S.T., 2002 (\u00een colaborare);&nbsp;<em>Ideologie \u015fi forma\u0163iuni de dreapta \u00een Rom\u00e2nia<\/em>, vol. IV:&nbsp;<em>1934-1938<\/em>, I.N.S.T., 2003 (\u00een colaborare);&nbsp;<em>Mecanisme represive \u00een Rom\u00e2nia, 1945-1989. Dic\u0163ionar biografic<\/em>,vol. II.<em>&nbsp;D-G<\/em>, I.N.S.T., Bucure\u015fti, 2003 (\u00een colaborare);&nbsp;<em>Mecanisme represive \u00een Rom\u00e2nia, 1945-1989. Dic\u0163ionar biografic<\/em>, vol. III:&nbsp;<em>H-L<\/em>, I.N.S.T., Bucure\u015fti, 2004 (\u00een colaborare);&nbsp;<em>Mecanisme represive \u00een Rom\u00e2nia, 1945-1989. Dic\u0163ionar biografic<\/em>, vol. IV:&nbsp;<em>M<\/em>, I.N.S.T., Bucure\u015fti, 2005 (\u00een colaborare);&nbsp;<em>Mecanisme represive \u00een Rom\u00e2nia 1945-1989. Dic\u0163ionar biografic<\/em>, vol. V:&nbsp;<em>N-O<\/em>, I.N.S.T., Bucure\u015fti, 2006;&nbsp;<em>Ideologie \u015fi forma\u0163iuni de dreapta \u00een Rom\u00e2nia<\/em>, vol. V:&nbsp;<em>1938 &#8211; 1940<\/em>, I.N.S.T., Bucure\u015fti, 2006 (\u00een colaborare);&nbsp;<em>Mecanisme represive \u00een Rom\u00e2nia 1945-1989. Dic\u0163ionar biografic<\/em>, vol. VI:&nbsp;<em>P<\/em>, I.N.S.T., Bucure\u015fti, 2007 (\u00een colaborare);&nbsp;<em>\u201eOsta\u015f credincios \u0162\u0103rii \u015fi Regelui\u201d. Aspecte ale rela\u0163iilor dintre Armat\u0103 \u015fi Mi\u015fcarea Legionar\u0103 \u00een perioada 1927-1947<\/em>, I.N.S.T.\/Editura Pro Universitaria, Bucure\u015fti, 2007 (\u00een colaborare);&nbsp;<em>Ideologie \u015fi forma\u0163iuni de dreapta \u00een Rom\u00e2nia<\/em>, vol. VI:&nbsp;<em>1940-1941<\/em>, I.N.S.T., Bucure\u015fti, 2007 (\u00een colaborare);&nbsp;<em>Mecanisme represive \u00een Rom\u00e2nia 1945-1989. Dic\u0163ionar biografic<\/em>, vol. VII:&nbsp;<em>Q &#8211; R<\/em>, I.N.S.T., Bucure\u015fti, 2008 (\u00een colaborare).<\/p>\n\n\n\n<p><br>&nbsp;<br><strong>BUCHET, Constantin<\/strong><\/p>\n\n\n\n<p><strong>Data \u015fi locul na\u015fterii<\/strong>: 22 iulie 1969, Baia-Sprie, jud. Maramure\u015f.<\/p>\n\n\n\n<p><strong>Studii<\/strong>: doctor \u00een istorie, Academia Rom\u00e2n\u0103, 1999, cu teza&nbsp;<em>Rela\u0163ii rom\u00e2no-germane \u00eentre 1919-1933<\/em>; absovent al Facult\u0103\u0163ii de Istorie, Universitatea &#8222;Al.I. Cuza&#8221; din Ia\u015fi (1993); absolvent al Facult\u0103\u0163ii de Rela\u0163ii Interna\u0163ionale, \u015ecoala Na\u0163ional\u0103 de Studii Politice si Administrative (1995).<\/p>\n\n\n\n<p><strong>Func\u0163ia actual\u0103<\/strong>: cercet\u0103tor \u015ftiin\u0163ific principal II \u00een cadrul I.N.S.T.<\/p>\n\n\n\n<p><strong>Domenii de interes<\/strong>: istoria \u015fi teoria rela\u0163iilor interna\u0163ionale, diploma\u0163ia \u015fi politica de putere \u00een sistemul interna\u0163ional contemporan, analiza politicii externe, geopolitica, studiile regionale.<\/p>\n\n\n\n<p><strong>Volume publicate<\/strong>:<\/p>\n\n\n\n<p>&nbsp;<em>Religie \u015fi putere \u00een rela\u0163iile interna\u0163ionale contemporane<\/em>. Bucure\u015fti, Editura Didactic\u0103 \u015fi Pedagogic\u0103, ( CNCSIS), 1998.;&nbsp;&nbsp;<em>Rom\u00e2nia \u015fi Republica de la Weimar. Economie, dipolma\u0163ie \u015fi geopolitic\u0103<\/em>, Bucure\u015fti, Editura All, (CNCSIS). 2001;&nbsp;&nbsp;<em>Social-democra\u0163ia \u00eencarcerate. Evolu\u0163ii politice interne \u015fi reac\u0163ii interna\u0163ionale (1946-1969)<\/em>, Bucure\u015fti, Academia Rom\u00e2n\u0103, Institutul Na\u0163ional pentru Studiul Totalitarismului, ( CNCSIS), 2006<em>; Rom\u00e2nii din afara grani\u0163elor \u0163\u0103rii<\/em>, (cu Gh. Zbuchea), Bucure\u015fti, Editura Funda\u0163iei Rom\u00e2nia de M\u00e2ine, 2008;&nbsp;<em>Rom\u00e2nia, frontul informa\u0163iilor \u015fi sf\u00e2r\u015fitul R\u0103zboiului Rece<\/em>, Craiova, Editura Sitech, ( CNCSIS), 2010.<\/p>\n\n\n\n<p><strong>BUGA, Vasile<\/strong><\/p>\n\n\n\n<p><strong>Data \u015fi locul na\u015fterii<\/strong>: 19 decembrie 1938, comuna S\u0103r\u0103\u0163eanca, jude\u0163ul Buz\u0103u.<\/p>\n\n\n\n<p><strong>Studii<\/strong>: doctor \u00een istorie (1983); licen\u0163iat \u00een litere (limba \u015fi literatura rus\u0103, limba \u015fi literatura rom\u00e2n\u0103), Institutul pedagogic&nbsp;\u201eMaxim Gorki\u201d din Bucure\u015fti (1962).<\/p>\n\n\n\n<p><strong>Func\u0163ia actual\u0103<\/strong>: cercet\u0103tor emerit, coordonator al Centrului de Studii Ruse \u015fi Sovietice \u201eAcad. Florin Constantiniu\u201d din cadrul I.N.S.T.; vicepre\u015fedinte al P\u0103r\u0163ii rom\u00e2ne \u00een Comisia bilateral\u0103 a istoricilor din Rom\u00e2nia \u015fi Federa\u0163ia Rus\u0103.<\/p>\n\n\n\n<p><strong>Domenii de interes<\/strong>: istoria U.R.S.S., evolu\u0163ii \u00een spa\u0163iul ex-sovietic, rela\u0163iile rom\u00e2no-ruse\/sovietice.<\/p>\n\n\n\n<p><strong>Volume recente:&nbsp;<\/strong><em>Putere \u015fi societate. Lag\u0103rul comunist sub impactul destaliniz\u0103rii. 1956<\/em>, I.N.S.T., Bucure\u015fti, 2006 (coordonator \u00eempreun\u0103 cu Dan C\u0103t\u0103nu\u015f);&nbsp;<em>Apusul unui imperiu. U.R.S.S. \u00een epoca Gorbaciov, 1985-991<\/em>, I.N.S.T., Bucure\u015fti, 2007;&nbsp;<em>O var\u0103 fierbinte \u00een rela\u0163iile rom\u00e2no-sovietice. Convorbirile de la Moscova din iulie 1964<\/em>, I.N.S.T., Bucure\u015fti, 2012;&nbsp;<em>Gh. Gheorghiu-Dej la Stalin, 1944-1952<\/em>, I.N.S.T., Bucure\u015fti, 2012&nbsp;(coordonator \u00eempreun\u0103 cu Dan C\u0103t\u0103nu\u015f);&nbsp;<em>Pe muchie de cu\u0163it. Rela\u0163iile rom\u00e2no-sovietice.1965-1989<\/em>, I.N.S.T., Bucure\u015fti, 2013.<\/p>\n\n\n\n<p><strong>BURCEA, Mihai<\/strong><\/p>\n\n\n\n<p><strong>Data \u015fi locul na\u015fterii:<\/strong>&nbsp;31 iulie 1976, Bucure\u015fti.<\/p>\n\n\n\n<p><strong>Studii<\/strong>: absolvent al programului de master al Facult\u0103\u0163ii de Istorie, Universitatea din Bucure\u015fti (2007); absolvent al Facult\u0103\u0163ii de Istorie, Universitatea din Bucure\u015fti (2005); doctorand al Universit\u0103\u0163ii din Bucure\u015fti, cu teza&nbsp;<em>Lupt\u00e2nd pentru o iluzie. Voluntari rom\u00e2ni \u00een Brig\u0103zile Interna\u0163ionale din Spania<\/em>.<\/p>\n\n\n\n<p><strong>Func\u0163ia actual\u0103<\/strong>: cercet\u0103tor \u015ftiin\u0163ific \u00een cadrul I.N.S.T.<\/p>\n\n\n\n<p><strong>Domenii de interes<\/strong>: istoria structurilor represive din perioada 1945-1989, Partidul Comunist din Rom\u00e2nia \u00een anii ilegalit\u0103\u0163ii, via\u0163a politic\u0103 interbelic\u0103.<\/p>\n\n\n\n<p><strong>Volum recent<\/strong>:<em>&nbsp;Spectrele lui Dej<\/em>, Ia\u015fi, Polirom, 2012 (coautor \u00eempreun\u0103 cu \u015etefan Bosomitu).<\/p>\n\n\n\n<p><br><strong>C\u0102T\u0102NU\u015e, ANA-MARIA<\/strong><\/p>\n\n\n\n<p><strong>Data \u015fi locul na\u015fterii<\/strong>: 6 septembrie 1977, Bucure\u015fti.<\/p>\n\n\n\n<p><strong>Studii:<\/strong>&nbsp;doctor \u00een istorie, Academia Rom\u00e2n\u0103 (2012); absolvent\u0103 a programului de master Rela\u0163ii interna\u0163ionale al Facult\u0103\u0163ii de Istorie, Universitatea din Bucure\u015fti (2004); absolvent\u0103 a Facult\u0103\u0163ii de Istorie, Universitatea din Bucure\u015fti (2002).<\/p>\n\n\n\n<p><strong>Func\u0163ia actual\u0103:<\/strong>&nbsp;cercetator \u015ftiin\u0163ific III \u00een cadrul I.N.S.T.; membru al Centrului de Studii Ruse \u015fi Sovietice \u201eAcad. Florin Constantiniu\u201d din cadrul I.N.S.T.; redactor la revista \u201eArhivele Totalitarismului\u201d.<\/p>\n\n\n\n<p><strong>Domenii de interes<\/strong>: fenomenul disiden\u0163ei \u00een Rom\u00e2nia, Uniunea Sovietic\u0103 \u015fi \u0163\u0103rile din Europa Central\u0103 \u015fi de Est, jum\u0103tatea anilor \u201960-1989; Nicolae Ceau\u015fescu \u015fi evolu\u0163ia regimului comunist din Rom\u00e2nia, 1965-1989; U.R.S.S. \u015fi evolu\u0163ia rela\u0163iilor sovieto-americane \u00een perioada de sf\u00e2r\u015fit a r\u0103zboiului rece, 1985-1991.<\/p>\n\n\n\n<p><strong>Volume recente:<\/strong>&nbsp;<em>Sf\u00e2r\u015fitul perioadei liberale a regimului Ceau\u015fescu: minirevolu\u0163ia cultural\u0103 din 1971<\/em>, I.N.S.T., Bucure\u015fti, 2005;&nbsp;<em>Intelectuali rom\u00e2ni \u00een arhivele comunismului<\/em>, Nemira, Bucure\u015fti, 2006 (coautor);&nbsp;<em>Voca\u0163ia libert\u0103\u0163ii. Forme de disiden\u0163\u0103 \u00een Rom\u00e2nia anilor 1970-1980<\/em>, I.N.S.T., Bucure\u015fti, 2014.<\/p>\n\n\n\n<p><strong>C\u0102T\u0102NU\u015e, Dan<\/strong><\/p>\n\n\n\n<p><strong>Data&nbsp;\u015fi locul na\u015fterii:<\/strong>&nbsp;24 ianuarie 1971, Olteni\u0163a, jud. C\u0103l\u0103ra\u015fi.<\/p>\n\n\n\n<p><strong>Studii<\/strong>: doctor in istorie, Institutul de Istorie \u201cNicolae Iorga\u201d, Academia Rom\u00e2n\u0103, 2009, cu teza&nbsp;<em>Politica extern\u0103 a Rom\u00e2niei \u00een contextul conflictului sovieto-chinez, 1956-1965<\/em>; absolvent al Facult\u0103\u0163ii de Istorie, Universitatea din Bucure\u015fti, specializarea Istorie contemporan\u0103 universal\u0103 (1995) \u015fi a programului de studii aprofundate &#8222;Rom\u00e2nia \u00een secolul XX&#8221;, Facultatea de Istorie, Universitatea din Bucure\u015fti (1996).<\/p>\n\n\n\n<p><strong>Func\u0163ia actual\u0103<\/strong>: cercet\u0103tor \u015ftiin\u0163ific III \u00een cadrul I.N.S.T.; secretar general de redac\u0163ie la revista &#8222;Arhivele Totalitarismului&#8221;.<br><strong>Domenii de interes<\/strong>: istoria PCR, rela\u0163iile externe ale regimului comunist din Rom\u00e2nia, colectivizarea agriculturii \u00een Rom\u00e2nia, procesul de destalinizare.<\/p>\n\n\n\n<p><strong>Volume publicate<\/strong>:&nbsp;<em>Cazul \u015etefan Fori\u015f. Lupta pentru putere \u00een P.C.R. de la Gheorghiu-Dej la Ceau\u015fescu. Documente, 1940-1968<\/em>, Editura Vremea, 1999 (\u00een colaborare cu Ioan Chiper);&nbsp;<em>Colectivizarea agriculturii \u00een Rom\u00e2nia. Dimensiunea politic\u0103<\/em>, vol. I:&nbsp;<em>1949-1953<\/em>, I.N.S.T., 2000 (\u00een colaborare cu Octavian Roske);&nbsp;<em>Amurgul ilegali\u015ftilor. Plenara P.M.R. din 9-13 iunie 1958<\/em>, Editura Vremea, 2000 (\u00een colaborare cu Alina Tudor);&nbsp;<em>O destalinizare ratat\u0103. Culisele cazului Cazul Miron Constantinescu \u2013 Iosif Chi\u015finevschi, 1956-1961<\/em>, Editura Elion, 2001 (\u00een colaborare cu Alina Tudor);&nbsp;<em>Cadrilaterul. Ideologie cominternist\u0103 si iredentism bulgar, 1919-1940<\/em>, I.N.S.T., 2001;&nbsp;<em>Colectivizarea agriculturii \u00een Rom\u00e2nia. Represiunea<\/em>, vol. I,&nbsp;<em>1949-1953<\/em>, I.N.S.T., 2004 (\u00een colaborare cu Octavian Roske);&nbsp;<em>\u00centre Moscova si&nbsp;<\/em><em>Beijing. Rom\u00e2nia \u015fi conflictul sovieto-chinez, 1957-1965<\/em>, vol. I, I.N.S.T., 2004;&nbsp;<em>Rom\u00e2nia \u015fi \u201ePrim\u0103vara de la Praga\u201d<\/em>, I.N.S.T., Bucure\u015fti, 2005 (editor);&nbsp;<em>A doua destalinizare. Gheorghiu-Dej la apogeul puterii<\/em>, Editura Vremea XXI, Bucure\u015fti, 2005;&nbsp;<em>Colectivizarea agriculturii \u00een Rom\u00e2nia. Dimensiunea politic\u0103<\/em>, vol. al II-lea:&nbsp;<em>1953-1956<\/em>, I.N.S.T., Bucure\u015fti, 2005 (\u00een colaborare cu Octavian Roske);&nbsp;<em>Putere \u015fi societate. Lag\u0103rul comunist sub impactul destaliniz\u0103rii, 1956<\/em>, I.N.S.T., Bucure\u015fti, 2006 (coordonator, \u00eempreun\u0103 cu Vasile Buga);&nbsp;<em>Intelectuali rom\u00e2ni \u00een arhivele comunismului<\/em>, Nemira, Bucure\u015fti, 2006 (\u00eempreun\u0103 cu Mioara Anton, Ana-Maria C\u0103t\u0103nu\u015f, Alexandru-Murad Mironov, Nicoleta Raluca Spiridon);&nbsp;<em>Colectivizarea agriculturii \u00een Rom\u00e2nia. Cadrul legislativ, 1949-1962,&nbsp;<\/em>I.N.S.T., Bucure\u015fti, 2007 (\u00eempreun\u0103 Octavian Roske \u015fi Florin Abraham).<\/p>\n\n\n\n<p><strong>CIUCEANU, Radu<\/strong><\/p>\n\n\n\n<p><strong>Data si locul nasterii:<\/strong>&nbsp;16 aprilie 1928, Arad.<\/p>\n\n\n\n<p><strong>Anii petrecuti \u00een \u00eenchisoare:&nbsp;<\/strong>1948-1963.<\/p>\n\n\n\n<p><strong>Studii<\/strong>: Doctor \u00een istorie (Institutul de Istorie &#8222;N. Iorga&#8221;, Bucuresti, 1998). Titlul tezei de doctorat: Autocratie si nationalism. Destinul unei dinastii (1665-1856). Facultatea de Istorie, Universitatea din Bucuresti, specializarea Arheologie (1972).<br><strong>Functia actuala<\/strong>: cercet\u0103tor \u015ftiin\u0163ific principal I, director I.N.S.T.<\/p>\n\n\n\n<p><strong>Domenii de interes<\/strong>: arheologie romana si medievala; rezistenta anticomunista; regimul concentrationar \u00een Rom\u00e2nia.<\/p>\n\n\n\n<p><strong>Volume publicate<\/strong>: Memorii, I, Intrarea \u00een tunel, Prefata si note de Octavian Roske, Editura Meridiane, Bucuresti, 1991; Memorii, II, Potcoava fara noroc, Introducere si note de Octavian Roske, Editura Meridiane, Bucuresti, 1994; \u00cenceputurile miscarii de rezistenta \u00een Rom\u00e2nia, 1998, vol. I, I.N.S.T., 2000 (coautor), Misiunile lui A.I. V\u00e2sinski \u00een Rom\u00e2nia (Din istoria relatiilor rom\u00e2no-sovietice, 1944-1946). Documente secrete, I.N.S.T., 1997 (coautor), Rezistenta armata din Bucovina, vol. I, I.N.S.T., 1998 (coautor), Autocratie si nationalism. Destinul unei dinastii, 2001. Biserica Ortodoxa Rom\u00e2na sub regimul comunist, 1945 &#8211; 1958, I.N.S.T., 2001 (coautor); Regimul penitenciar din Rom\u00e2nia, I.N.S.T., 2001; \u00cenceputurile miscarii de rezistenta \u00een Rom\u00e2nia, vol. II, I.N.S.T., 2001 (coautor); Miscarea Nationala de Rezistenta din Oltenia, vol. I, 1947-1949, I.N.S.T., 2001, vol. II, 1949-1952, I.N.S.T., 2003,vol. III, 1953-1980,I.N.S.T., 2004; Pecetea diavolului. Memorii, vol. III, I.N.S.T., 2002.<\/p>\n\n\n\n<p><strong>CIUCEANU, \u015etefan<\/strong><\/p>\n\n\n\n<p><strong>Data \u015fi locul na\u015fterii<\/strong>: 7 iulie 1984, Bucure\u015fti.<\/p>\n\n\n\n<p><strong>Studii<\/strong>: absolvent al Facult\u0103\u0163ii de Istorie, Universitatea&nbsp;\u201eSpiru Haret\u201d, 2007.<\/p>\n\n\n\n<p><strong>Func\u0163ia actual\u0103<\/strong>: asistent-cercet\u0103tor \u00een cadrul I.N.S.T.<\/p>\n\n\n\n<p><strong>DEGERATU, Dan Claudiu<\/strong><\/p>\n\n\n\n<p><strong>Data \u015fi locul na\u015fterii:<\/strong>&nbsp;17 ianuarie 1968, Giurgiu, jud. Giurgiu.<\/p>\n\n\n\n<p><strong>Studii:<\/strong>&nbsp;doctorand in sociologie, la Universitatea Bucure\u015fti, cu tema &#8222;Dimensiuni non-militare ale securit\u0103\u0163ii europene \u015fi configurarea mecanismelor de consultare public\u0103&#8221;. Facultatea de sociologie \u015fi asisten\u0163\u0103 sociala, specializarea Sociologie,&nbsp;<\/p>\n\n\n\n<p><strong>Func\u0163ia actual\u0103:<\/strong>&nbsp;cercet\u0103tor principal III \u00een cadrul I.N.S.T.<\/p>\n\n\n\n<p><strong>Domenii de interes:<\/strong>&nbsp;rezisten\u0163a anti-comunist\u0103, colectivizarea agriculturii, studii de securitate, agenda transatlantic\u0103.<\/p>\n\n\n\n<p><strong>Volume publicate:<\/strong>&nbsp;Gheorghe, Adrian &amp; Muresan, Liviu (eds), Energy Security. International and Local Issues, Theoretical Perspectives, and Critical Energy Infrastructures, NATO Science for Peace and Security Series -C:Environmental Security, Springer Verlag,&nbsp;Dordrecht, 2011.<\/p>\n\n\n\n<p><strong>DIAC, Cristina<\/strong><\/p>\n\n\n\n<p><strong>Studii<\/strong>: doctor in istorie al Universit\u0103\u0163ii din Bucure\u015fti (2011); absolvent\u0103 a Facult\u0103\u0163ii de Management (Administra\u0163ie public\u0103), Academia de Studii Economice (2002), \u015fi a Facult\u0103\u0163ii de Istorie, Universitatea din Bucure\u015fti (2005); absolvent\u0103 a programului de master \u201eRom\u00e2nia \u00een secolul XX\u201c, Facultatea de Istorie, Universitatea din Bucure\u015fti (2007).<\/p>\n\n\n\n<p><strong>Func\u0163ia actual\u0103<\/strong>: cercet\u0103tor \u015ftiin\u0163ific III \u00een cadrul I.N.S.T., cadru didactic asociat la Departamentul de Istoria Rom\u00e2nilor \u015fi a Sud-Estului european, Facultatea de Istorie, Universitatea din Bucure\u015fti.<\/p>\n\n\n\n<p><strong>Domenii de interes<\/strong>: istoria Partidului Comunist din Rom\u00e2nia \u00een perioada interbelic\u0103, istoria regimurilor comuniste din Europa Central\u0103 \u015fi de Sud-Est, dinamica elitelor \u00een regimurile comuniste, metode cantitative de cercetare \u00een disciplinele socio-umane, studii biografice, istorie \u015fi memorie, istorie social\u0103, istorie transna\u0163ional\u0103.<\/p>\n\n\n\n<p><strong>Volume recente<\/strong>:&nbsp;<em>Via\u0163a lui Ceau\u015fescu<\/em>, vol. I:&nbsp;<em>Ucenicul partidului<\/em>, Editura Adev\u0103rul Holding, Bucure\u015fti, 2012 (co-autor);&nbsp;<em>Lungul drum spre nic\u0103ieri. Germanii din Rom\u00e2nia deporta\u0163i \u00een U.R.S.S.<\/em>, Editura Cetatea de Scaun, T\u00e2rgovi\u015fte, 2012 (co-autor);&nbsp;<em>Via\u0163a lui Ceau\u015fescu<\/em>, vol. al II-lea:&nbsp;<em>Fiul poporului<\/em>, Editura Adev\u0103rul Holding, Bucure\u015fti, 2013 (co-autor);&nbsp;<em>Zorii comunismului \u00een Rom\u00e2nia. \u015etefan Fori\u015f, un destin neterminat<\/em>, Editura Cetatea de Scaun, T\u00e2rgovi\u015fte, 2014.<\/p>\n\n\n\n<p><strong>JIANU, Octaviana-Gabriela<\/strong><\/p>\n\n\n\n<p><strong>Data \u015fi locul na\u015fterii:&nbsp;<\/strong>13 octombrie 1979, Craiova.<\/p>\n\n\n\n<p><strong>Studii<\/strong>: doctor \u00een istorie al Universit\u0103\u0163ii Tor Vergata (2013), Roma, cu teza&nbsp;<em>Il nazionalcomunismo nella Romania di Ceau\u015fescu. Legittimazione politica e cultura nazionale, 1965-1989<\/em>; absolvent\u0103 a Facult\u0103\u0163ii de Sociologie \u015fi Asisten\u0163\u0103 Social\u0103, sec\u0163ia Sociologie, Universitatea din Bucure\u015fti (2004); absolvent\u0103 a programului de master \u00een Studii de securitate, Facultatea de Sociologie \u015fi Asisten\u0163\u0103 Social\u0103, Universitatea din Bucure\u015fti (2006).<\/p>\n\n\n\n<p><strong>Func\u0163ia actual\u0103<\/strong>: asistent de cercetare \u00een cadrul I.N.S.T.<\/p>\n\n\n\n<p><strong>Domenii de interes<\/strong>: istoria regimului comunist \u00een Rom\u00e2nia, comunismul occidental, discursul intelectual \u00een totalitarism.<\/p>\n\n\n\n<p><strong>MIHAI, R\u0103zvan-Florin<\/strong><\/p>\n\n\n\n<p><strong>Data \u015fi locul na\u015fterii:<\/strong>&nbsp;17 februarie 1980, Br\u0103ila, jud. Br\u0103ila.<\/p>\n\n\n\n<p><strong>Studii:<\/strong>&nbsp;Facultatea de Istorie, Universitatea din Bucure\u015fti, specializarea Istorie contemporan\u0103 universal\u0103 (2003); master la Facultatea de Istorie, Universitatea din Bucure\u015fti, programul \u201eRela\u0163ii interna\u0163ionale\u201d (2005). Func\u0163ia actuala: Asistent-cercet\u0103tor I.N.S.T. Domenii de interes: extremismul de dreapta \u00een Rom\u00e2nia interbelic\u0103; minoritatea ucrainean\u0103; rela\u0163iile rom\u00e2no-franceze; partidele politice din Rom\u00e2nia. Doctorand al Universit\u0103\u0163ii din Bucure\u015fti, cu tema Minoritatea ucrainean\u0103 din Rom\u00e2nia \u00een perioada interbelic\u0103, sub coordonarea acad. Dinu C. Giurescu.<\/p>\n\n\n\n<p><strong>Func\u0163ia actual\u0103:<\/strong>&nbsp;cercet\u0103tor \u015ftiin\u0163ific \u00een cadrul I.N.S.T.<\/p>\n\n\n\n<p><strong>Volum recent \u015fi contribu\u0163ii:<\/strong>&nbsp;21 august 1968 \u2013 apoteoza lui Ceau\u015fescu, Polirom, 2009 (coautor); editor al suplimentului \u201eSc\u00e2nteia. Jurnalul Rom\u00e2niei acum 20 de ani\u201d, \u201eJurnalul Na\u0163ional\u201d, 2009; Ideologie \u015fi forma\u0163iuni de dreapta \u00een Rom\u00e2nia, vol. VII. 1941-1943, INST, 2009 (coautor).<\/p>\n\n\n\n<p><strong>Contact:<\/strong>&nbsp;mihai.florin.razvan@gmail.com<\/p>\n\n\n\n<p>&nbsp;<br><br><strong>MIRONOV, Alexandru-Murad<\/strong><\/p>\n\n\n\n<p><strong>Studii<\/strong>: doctor \u00een istorie, Universitatea din Bucure\u015fti (2010); absolvent al Facult\u0103\u0163ii de Istorie, Universitatea din Bucure\u015fti (1998); absolvent al programului de studii aprofundate&nbsp;\u201eIstoria ideilor \u015fi a mentalit\u0103\u0163ilor\u201c, Facultatea de Istorie, Universitatea din Bucure\u015fti (1999); absolvent al programului de master&nbsp;\u201eTeoria \u015fi practica edit\u0103rii\u201c, Facultatea de Litere, Universitatea din Bucure\u015fti (2011).<\/p>\n\n\n\n<p><strong>Func\u0163ia actual\u0103:<\/strong>&nbsp;cercet\u0103tor \u015ftiin\u0163ific \u00een cadrul I.N.S.T., lector universitar la Facultatea de Istorie, Universitatea din Bucure\u015fti.<\/p>\n\n\n\n<p><strong>Domenii de interes<\/strong>: istorie social\u0103 (istoria muncii), istoria mentalit\u0103\u0163ilor, istoria rela\u0163iilor interna\u0163ionale.<\/p>\n\n\n\n<p><strong>Volum recent:<\/strong>&nbsp;<em>Vremea \u00eencerc\u0103rilor. Rela\u0163iile rom\u00e2no-sovietice, 1930-1940<\/em>, I.N.S.T., Bucure\u015fti, 2013.<\/p>\n\n\n\n<p><br><br><strong>ONI\u015eORU, Gheorghe<\/strong><\/p>\n\n\n\n<p><br><strong>Data \u015fi locul na\u015fterii:<\/strong>&nbsp;29 iulie 1963,&nbsp;Ia\u015fi.<\/p>\n\n\n\n<p><strong>Studii<\/strong>: Facultatea de Istorie-Filozofie, Universitatea &#8222;Al. Ioan Cuza&#8221;, Iasi, 1987. Doctor \u00een istorie, Universitatea &#8222;Al. Ioan Cuza&#8221;, 1995, Titlul tezei de doctorat: Aliante si confruntari \u00eentre partidele politice din Rom\u00e2nia, 1944-1947.<\/p>\n\n\n\n<p><strong>Func\u0163ia actual\u0103<\/strong>:&nbsp;<strong>Func\u0163ia actual\u0103:<\/strong>&nbsp;cercet\u0103tor \u015ftiin\u0163ific I \u00een cadrul I.N.S.T.; profesor universitar \u015fi conduc\u0103tor de doctorate la Universitatea \u201e\u015etefan cel Mare\u201c din&nbsp;Suceava.<\/p>\n\n\n\n<p><strong>Domenii de interes<\/strong>:&nbsp;comunismul \u00een Rom\u00e2nia, r\u0103zboiul rece, regimurile totalitare.<\/p>\n\n\n\n<p><strong>Volume publicate<\/strong>:&nbsp;<em>Rom\u00e2nia \u00een anii 1944-1948. Transform\u0103ri economice \u015fi realit\u0103\u0163i sociale<\/em>, Funda\u0163ia Academia Civic\u0103, Bucure\u015fti, 1998;&nbsp;<em>Istoria Partidului Na\u0163ional-Liberal<\/em>, Institutul de Studii Liberale, Bucure\u015fti, 2000 (coautor);&nbsp;<em>Opera\u0163iunea T\u0103m\u0103d\u0103u. Desfiin\u0163area Partidului Na\u0163ional \u0162\u0103r\u0103nesc (1947)<\/em>, I.N.S.T., Bucure\u015fti, 2008;&nbsp;<em>Pecetea lui Stalin. Cazul Vasile Luca<\/em>, Editura Cetatea de Scaun, T\u00e2rgovi\u015fte, 2014.<\/p>\n\n\n\n<p><strong>R\u0102DULESCU-STRATONE, Carmen<\/strong><\/p>\n\n\n\n<p><strong><br>Data \u015fi locul na\u015fterii:<\/strong>&nbsp;10 februarie 1982, Buz\u0103u.<\/p>\n\n\n\n<p><strong>Studii:<\/strong>&nbsp;Facultatea de Istorie, Universitatea Cre\u015ftin\u0103 \u201eDimitrie Cantemir\u201d, Bucure\u015fti, specializarea Istorie universal\u0103 contemporan\u0103, licen\u0163iat \u00een anul 2005 cu tema&nbsp;<em>Statutul intelectualului \u00een anii 1980 \u00een&nbsp; Europa Central R\u0103s\u0103ritean\u0103 \u015fi de Est. Studiu de caz: Rom\u00e2nia.<\/em><\/p>\n\n\n\n<p><strong>Func\u0163ia actual\u0103:<\/strong>&nbsp;cercet\u0103tor \u015ftiin\u0163ific \u00een cadrul I.N.S.T.<\/p>\n\n\n\n<p><strong>Domenii de interes:<\/strong>&nbsp;istoria rela\u0163iilor interna\u0163ionale, istoria regimului comunist \u00een Rom\u00e2nia.&nbsp;<br><br>&nbsp;<\/p>\n\n\n\n<p><strong>ROSKE, Octavian<\/strong><\/p>\n\n\n\n<p><strong>Data \u015fi locul na\u015fterii<\/strong>: 4 ianuarie 1956, Bucure\u015fti.<\/p>\n\n\n\n<p><strong>Studii<\/strong>: doctor \u00een filologie, specialitatea literatura comparat\u0103, Universitatea din Bucure\u015fti, 1998; Facultatea de limbi si literaturi str\u0103ine, sec\u0163ia englez\u0103-rom\u00e2n\u0103, Universitatea din Bucure\u015fti, 1981.<\/p>\n\n\n\n<p><strong>Func\u0163ia actual\u0103<\/strong>: cercet\u0103tor stiin\u0163ific I \u015fi secretar \u015ftiin\u0163ific \u00een cadrul I.N.S.T.; conferen\u0163iar universitar la Facultatea de limbi si literaturi str\u0103ine, Universitatea din Bucure\u015fti; \u015feful Catedrei de Englez\u0103; redactor-\u015fef al revistei &#8222;Arhivele Totalitarismului&#8221;; coordonatorul colec\u0163iilor Documente, Dic\u0163ionare Memorii, Sinteze \u015fi Studii, publicate sub egida I.N.S.T.<\/p>\n\n\n\n<p><strong>Domenii de interes<\/strong>: literatur\u0103 \u015fi civiliza\u0163ie&nbsp;american\u0103, sistemul de guvernare \u015fi tradi\u0163ia politic\u0103 \u00een Statele Unite, colectivizarea agriculturii \u00een Rom\u00e2nia, mecanisme represive \u015fi forme de rezisten\u0163\u0103 sub regimul comunist.<\/p>\n\n\n\n<p><strong>Volume publicate<\/strong>:&nbsp;<em>Proz\u0103&nbsp;<\/em><em>american\u0103 contemporan\u0103: 1975-1985<\/em>, Editura Univers, Bucure\u015fti, 1989 (antologie, prefa\u0163\u0103, prezent\u0103ri, note \u015fi bibliografie; traducere \u00een colaborare cu Ruxandra Todira\u015f);&nbsp;<em>Dosarul colectiviz\u0103rii agriculturii \u00een Rom\u00e2nia, 1949-1962. Studiu \u00eentocmit de Comisia pentru cercetarea abuzurilor din Camera Deputa\u0163ilor<\/em>, Camera Deputa\u0163ilor a Parlamentului Rom\u00e2niei, 1992 (coordonare \u015fi introducere);&nbsp;<em>Tradi\u0163ia conservatoare \u00een g\u00e2ndirea american\u0103, 1783-1860<\/em>, Editura All, Bucure\u015fti, 1998;&nbsp;<em>\u00cenceputurile mi\u015fc\u0103rii de rezisten\u0163\u0103 \u00een Rom\u00e2nia<\/em>, vol. I:&nbsp;<em>11 aprilie 1945 \u2013 31 mai 1946<\/em>, I.N.S.T., Bucure\u015fti, 1998 (\u00een colaborare cu Radu Ciuceanu \u015fi Cristian Troncot\u0103);&nbsp;<em>Colectivizarea agriculturii \u00een Rom\u00e2nia. Dimensiunea politic\u0103<\/em>, vol. I:&nbsp;<em>1949-1953<\/em>, I.N.S.T., Bucure\u015fti, 2000 (\u00een colaborare cu Dan C\u0103t\u0103nu\u015f);&nbsp;<em>Mecanisme represive \u00een Rom\u00e2nia, 1945-1989. Dic\u0163ionar biografic<\/em>, vol. I:&nbsp;<em>A-C<\/em>, I.N.S.T., Bucure\u015fti, 2001 (coordonator);&nbsp;<em>\u00cenceputurile mi\u015fc\u0103rii de rezisten\u0163\u0103 \u00een Rom\u00e2nia<\/em>, vol. II:&nbsp;<em>1 iunie \u2013 18 noiembrie 1946<\/em>, I.N.S.T., Bucure\u015fti, 2001 (\u00een colaborare cu Radu Ciuceanu \u015fi Cristian Troncot\u0103);&nbsp;<em>Mecanisme represive \u00een Rom\u00e2nia, 1945-1989. Dic\u0163ionar biografic<\/em>, vol. II:&nbsp;<em>D-G<\/em>, I.N.S.T., Bucure\u015fti, 2003 (coordonator);&nbsp;<em>Colectivizarea agriculturii \u00een Rom\u00e2nia. Represiunea<\/em>, vol. I:&nbsp;<em>1949-1953<\/em>, I.N.S.T., Bucure\u015fti, 2004 (\u00een colaborare cu Dan C\u0103t\u0103nu\u015f);&nbsp;<em>Mecanisme represive \u00een Rom\u00e2nia, 1945-1989. Dic\u0163ionar biografic<\/em>, vol. III:&nbsp;<em>H-L<\/em>, I.N.S.T., Bucure\u015fti, 2004 (coordonator);&nbsp;<em>Colectivizarea agriculturii \u00een Rom\u00e2nia. Dimensiunea politic\u0103<\/em>, vol. II:&nbsp;<em>1953-1956<\/em>, I.N.S.T., Bucure\u015fti, 2005 (\u00een colaborare cu Dan C\u0103t\u0103nu\u015f);&nbsp;<em>Mecanisme represive \u00een Rom\u00e2nia, 1945\u20131989. Dic\u0163ionar biografic<\/em>, vol. IV:&nbsp;<em>M<\/em>, I.N.S.T., Bucure\u015fti, 2005 (coordinator);&nbsp;<em>Examenul pentru ob\u0163inerea certificatului de traduc\u0103tor. Ghidul candidatului: limba englez\u0103<\/em>, Editura Centrului de preg\u0103tire profesional\u0103 \u00een cultur\u0103, Bucure\u015fti, 2006;&nbsp;<em>Mecanisme represive \u00een Rom\u00e2nia, 1945-1989. Dic\u0163ionar biografic<\/em>, vol. V:&nbsp;<em>N-O<\/em>, I.N.S.T., Bucure\u015fti, 2006 (coordonator);&nbsp;<em>Mecanisme represive \u00een Rom\u00e2nia, 1945-1989. Dic\u0163ionar biografic<\/em>, vol. VI:&nbsp;<em>P<\/em>, I.N.S.T., Bucure\u015fti, 2007 (coordonator);&nbsp;<em>Colectivizarea agriculturii \u00een Rom\u00e2nia. Cadrul legislativ, 1949-1962<\/em>, , I.N.S.T., Bucure\u015fti, 2007 (\u00een colaborare cu Dan C\u0103t\u0103nu\u015f \u015fi Florin Abraham);&nbsp;<em>Mecanisme represive \u00een Rom\u00e2nia, 1945-1989. Dic\u0163ionar biografic<\/em>, vol. VII:&nbsp;<em>Q-R<\/em>, I.N.S.T., Bucure\u015fti, 2008 (coordonator).<\/p>\n\n\n\n<p><strong>\u015eANDRU,&nbsp;Florin&nbsp;I.<\/strong><\/p>\n\n\n\n<p><strong>Data \u015fi locul na\u015fterii<\/strong>: 8 martie 1964,&nbsp;Pite\u015fti, jude\u0163ul Arge\u015f.<\/p>\n\n\n\n<p><strong>Studii:<\/strong>&nbsp;Licen\u0163\u0103 \u00een specializarea istorie, arhivistic\u0103&nbsp;\u015fi muzeologie, Facultatea de Studii socio-umane, Universitatea de Stat din Pite\u015fti, 2007; doctorand \u00een cadrul Facult\u0103\u0163ii de Istorie, filozofie, geografie, Universitatea din Craiova.<\/p>\n\n\n\n<p><strong>Func\u0163ia actual\u0103<\/strong>: asistent-cercetare \u00een cadrul I.N.S.T.<\/p>\n\n\n\n<p><strong>Domenii de interes:<\/strong>&nbsp;istoria contemporan\u0103 a Rom\u00e2niei, perioada 1940-1944 (Basarabia \u015fi Bucovina de Nord); personalit\u0103\u0163i politice rom\u00e2ne\u015fti din perioada 1940-1989.<\/p>\n\n\n\n<p><strong>Volume publicate:&nbsp;<\/strong><em>Zodia Basarabiei \u015fi Bucovinei de Nord sub mare\u015falul Ion Antonescu<\/em>, Editura Semne, Bucure\u015fti, 2008.<\/p>\n\n\n\n<p><strong>VOICU, Alexandru-Cristian<\/strong><\/p>\n\n\n\n<p><strong>Data \u015fi locul na\u015fterii:<\/strong>&nbsp;23 decembrie 1990, Bucure\u015fti.<\/p>\n\n\n\n<p><strong>Studii:<\/strong>&nbsp;absolvent al Facult\u0103\u0163ii de Istorie, Universitatea din Bucure\u015fti (2013); masterand al Facult\u0103\u0163ii de Istorie, Universitatea din Bucure\u015fti (din 2013).<\/p>\n\n\n\n<p><strong>Func\u0163ia actual\u0103:<\/strong>&nbsp;asistent-cercetare \u00een cadrul I.N.S.T.<\/p>\n\n\n\n<p><strong>Domenii de interes:<\/strong>&nbsp;istorie ecleziastic\u0103, rela\u0163ia dintre statul comunist \u015fi cultele religioase, activitatea informativ\u0103 extern\u0103 \u00een timpul regimului comunist.<\/p>\n","protected":false},"excerpt":{"rendered":"<p>ABRAHAM,\u00a0Florin Data&nbsp;\u015fi locul na\u015fterii:&nbsp;1 octombrie 1975, Jibou, jud. S\u0103laj. Studii: doctor \u00een istorie, Universitatea &#8222;Babe\u015f-Bolyai&#8221;, cu teza&nbsp;Sistemul politic din Rom\u00e2nia:<\/p>\n","protected":false},"author":1,"featured_media":0,"comment_status":"open","ping_status":"open","sticky":false,"template":"","format":"standard","meta":{"footnotes":""},"categories":[422],"tags":[],"class_list":["post-894","post","type-post","status-publish","format-standard","hentry","category-inst"],"_links":{"self":[{"href":"https:\/\/totalitarism.ro\/index.php?rest_route=\/wp\/v2\/posts\/894","targetHints":{"allow":["GET"]}}],"collection":[{"href":"https:\/\/totalitarism.ro\/index.php?rest_route=\/wp\/v2\/posts"}],"about":[{"href":"https:\/\/totalitarism.ro\/index.php?rest_route=\/wp\/v2\/types\/post"}],"author":[{"embeddable":true,"href":"https:\/\/totalitarism.ro\/index.php?rest_route=\/wp\/v2\/users\/1"}],"replies":[{"embeddable":true,"href":"https:\/\/totalitarism.ro\/index.php?rest_route=%2Fwp%2Fv2%2Fcomments&post=894"}],"version-history":[{"count":1,"href":"https:\/\/totalitarism.ro\/index.php?rest_route=\/wp\/v2\/posts\/894\/revisions"}],"predecessor-version":[{"id":895,"href":"https:\/\/totalitarism.ro\/index.php?rest_route=\/wp\/v2\/posts\/894\/revisions\/895"}],"wp:attachment":[{"href":"https:\/\/totalitarism.ro\/index.php?rest_route=%2Fwp%2Fv2%2Fmedia&parent=894"}],"wp:term":[{"taxonomy":"category","embeddable":true,"href":"https:\/\/totalitarism.ro\/index.php?rest_route=%2Fwp%2Fv2%2Fcategories&post=894"},{"taxonomy":"post_tag","embeddable":true,"href":"https:\/\/totalitarism.ro\/index.php?rest_route=%2Fwp%2Fv2%2Ftags&post=894"}],"curies":[{"name":"wp","href":"https:\/\/api.w.org\/{rel}","templated":true}]}}