{"id":871,"date":"2020-01-09T13:57:15","date_gmt":"2020-01-09T11:57:15","guid":{"rendered":"http:\/\/hostingiris.ro\/?p=458"},"modified":"2023-11-29T11:23:54","modified_gmt":"2023-11-29T09:23:54","slug":"radu-ciuceanu-membru-de-onoare-al-academiei-romane","status":"publish","type":"post","link":"https:\/\/totalitarism.ro\/?p=871","title":{"rendered":"Radu Ciuceanu, membru de onoare al Academiei Rom\u00e2ne"},"content":{"rendered":"\n<figure class=\"wp-block-image size-large\"><img decoding=\"async\" src=\"https:\/\/totalitarism.ro\/wp\/wp-content\/uploads\/2020\/01\/prof_Radu_Ciuceanu-1-1.jpg\" alt=\"\" class=\"wp-image-457\"\/><\/figure>\n\n\n\n<p><strong>Octavian Roske<\/strong><\/p>\n\n\n\n<p>\u00cen sesiunea din 27 septembrie 2019 a Adun\u0103rii Generale, au fost ale\u015fi, prin vot secret, noi membri ai Academiei Rom\u00e2ne. La Sec\u0163ia de \u015ftiin\u0163e economice, juridice \u015fi sociologie a fost ales, ca Membru titular, C\u0103t\u0103lin Zamfir.&nbsp; La Sec\u0163ia de \u015ftiin\u0163e agricole \u015fi silvice a fost ales, ca Membru corespondent, Valeriu V. Cotea. Ca Membri de onoare din \u0163ar\u0103 au fost ale\u015fi Radu Ciuceanu, la Sec\u0163ia de \u015ftiin\u0163e istorice \u015fi arheologie, Nicolae Noica, la Sec\u0163ia de \u015ftiin\u0163e tehnice, \u015fi Radu Rey, la Sec\u0163ia de \u015ftiin\u0163e agricole \u015fi silvice. Ca Membru de onoare din str\u0103in\u0103tate a fost ales Horst St\u00f6cker (Germania), la Sec\u0163ia de \u015ftiin\u0163e fizice.<\/p>\n\n\n\n<p>De numele lui Radu Ciuceanu sunt legate: activitatea din mi\u015fcarea de rezisten\u0163\u0103 anticomunist\u0103, al\u0103turi de ofi\u0163erii superiori care au condus M.N.R.O., o puternic\u0103 grupare din Oltenia care era preg\u0103tit\u0103 s\u0103 treac\u0103 la atacarea ocupantului sovietic \u00een cazul declan\u015f\u0103rii unui conflict cu Statele Unite; parcursul carceral de 15 ani prin \u00eenchisorile regimului comunist, marcat de&nbsp; experien\u0163a reeduc\u0103rii de la Pite\u015fti \u015fi Gherla; eforturile de a salva monumente istorice amenin\u0163ate cu demolarea \u00een anii 1980, sub presiunea planurilor de sistematizare; transmiterea \u00een Occident a unor documente care denun\u0163au agresiunile \u00eempotriva patrimoniului na\u0163ional \u015fi a bisericii; \u00eentemeierea, la scurt\u0103 vreme dup\u0103 pr\u0103bu\u015firea regimului Ceau\u015fescu, a Asocia\u0163iei Fo\u015ftilor De\u0163inu\u0163i Politici din Rom\u00e2nia, organiza\u0163ie menit\u0103 nu numai s\u0103 p\u0103streze memoria lupt\u0103torilor din rezisten\u0163\u0103, dar s\u0103 le apere \u015fi interesele \u00een rela\u0163iile cu noile autorit\u0103\u0163i; formarea \u00een cadrul Academiei Rom\u00e2ne a Institutului Na\u0163ional pentru Studiul Totalitarismului, o structur\u0103 de cercetare care avea ca obiectiv conturarea unui discurs istoriografic ferit de orice ingerin\u0163\u0103 politic\u0103 sau ideologic\u0103; instituirea unui program editorial care a permis publicarea a peste 100 de numere din revista \u201eArhivele Totalitarismului\u201d \u015fi peste 150 de volume de studii, documente, memorii, dic\u0163ionare \u015fi enciclopedii, pe parcursul a peste 20 de ani; lansarea proiectului Panteonul Na\u0163ional, care urm\u0103re\u015fte s\u0103 consacre, \u00eentr-un spa\u0163iu arhitectural solemn, respectul pentru marile valori care au&nbsp; contribuit la definirea identit\u0103\u0163ii rom\u00e2ne\u015fti.<\/p>\n","protected":false},"excerpt":{"rendered":"<p>Radu Ciuceanu, membru de onoare al Academiei Rom\u00e2ne<\/p>\n","protected":false},"author":1,"featured_media":0,"comment_status":"open","ping_status":"open","sticky":false,"template":"","format":"standard","meta":{"footnotes":""},"categories":[422],"tags":[],"class_list":["post-871","post","type-post","status-publish","format-standard","hentry","category-inst"],"_links":{"self":[{"href":"https:\/\/totalitarism.ro\/index.php?rest_route=\/wp\/v2\/posts\/871","targetHints":{"allow":["GET"]}}],"collection":[{"href":"https:\/\/totalitarism.ro\/index.php?rest_route=\/wp\/v2\/posts"}],"about":[{"href":"https:\/\/totalitarism.ro\/index.php?rest_route=\/wp\/v2\/types\/post"}],"author":[{"embeddable":true,"href":"https:\/\/totalitarism.ro\/index.php?rest_route=\/wp\/v2\/users\/1"}],"replies":[{"embeddable":true,"href":"https:\/\/totalitarism.ro\/index.php?rest_route=%2Fwp%2Fv2%2Fcomments&post=871"}],"version-history":[{"count":1,"href":"https:\/\/totalitarism.ro\/index.php?rest_route=\/wp\/v2\/posts\/871\/revisions"}],"predecessor-version":[{"id":5744,"href":"https:\/\/totalitarism.ro\/index.php?rest_route=\/wp\/v2\/posts\/871\/revisions\/5744"}],"wp:attachment":[{"href":"https:\/\/totalitarism.ro\/index.php?rest_route=%2Fwp%2Fv2%2Fmedia&parent=871"}],"wp:term":[{"taxonomy":"category","embeddable":true,"href":"https:\/\/totalitarism.ro\/index.php?rest_route=%2Fwp%2Fv2%2Fcategories&post=871"},{"taxonomy":"post_tag","embeddable":true,"href":"https:\/\/totalitarism.ro\/index.php?rest_route=%2Fwp%2Fv2%2Ftags&post=871"}],"curies":[{"name":"wp","href":"https:\/\/api.w.org\/{rel}","templated":true}]}}