{"id":8580,"date":"2025-11-09T14:06:47","date_gmt":"2025-11-09T12:06:47","guid":{"rendered":"https:\/\/totalitarism.ro\/?p=8580"},"modified":"2026-03-12T22:08:48","modified_gmt":"2026-03-12T20:08:48","slug":"relatiile-romano-maghiare-in-timpul-guvernului-petru-groza-1945-1952","status":"publish","type":"post","link":"https:\/\/totalitarism.ro\/?p=8580","title":{"rendered":"Rela\u021biile rom\u00e2no-maghiare \u00een timpul guvernului Petru Groza (1945-1952)"},"content":{"rendered":"\n<p>Minoritatea ucrainean\u0103 \u00een Rom\u00e2nia (1918-1940)<\/p>\n\n\n\n<div class=\"wp-block-group is-vertical is-layout-flex wp-container-core-group-is-layout-2 wp-block-group-is-layout-flex\">\n<div class=\"wp-block-group\"><div class=\"wp-block-group__inner-container is-layout-constrained wp-block-group-is-layout-constrained\">\n<h5 class=\"wp-block-heading\">Autor:\u00a0<strong><strong><strong><strong>Tania-Nicoleta B\u00eec<\/strong><\/strong><\/strong><\/strong><\/h5>\n\n\n\n<h5 class=\"wp-block-heading\">Colec\u021bia Studii<\/h5>\n\n\n\n<h5 class=\"wp-block-heading\">I.N.S.T., 2025<\/h5>\n\n\n\n<h5 class=\"wp-block-heading\">13 x 20; 348 p.<\/h5>\n\n\n\n<h5 class=\"wp-block-heading\">ISBN print: 978-606-9053-79-9<\/h5>\n\n\n\n<h5 class=\"wp-block-heading\">ISBN carte online: 978-606-9053-80-5<\/h5>\n<\/div><\/div>\n<\/div>\n\n\n<div class=\"wp-block-image\">\n<figure class=\"aligncenter size-full\"><img fetchpriority=\"high\" decoding=\"async\" width=\"584\" height=\"867\" src=\"https:\/\/totalitarism.ro\/wp-content\/uploads\/2025\/11\/Relatiile-romano-maghiare-in-timpul-guvernului-Petru-Groza-1945-1952.jpg\" alt=\"\" class=\"wp-image-8581\" srcset=\"https:\/\/totalitarism.ro\/wp-content\/uploads\/2025\/11\/Relatiile-romano-maghiare-in-timpul-guvernului-Petru-Groza-1945-1952.jpg 584w, https:\/\/totalitarism.ro\/wp-content\/uploads\/2025\/11\/Relatiile-romano-maghiare-in-timpul-guvernului-Petru-Groza-1945-1952-202x300.jpg 202w\" sizes=\"(max-width: 584px) 100vw, 584px\" \/><\/figure><\/div>\n\n\n<h4 class=\"wp-block-heading\">\u201eIdeea autoarei de a studia \u0219i a publica despre acest subiect este binevenit\u0103 \u2013 de\u0219i multe dintre evenimentele petrecute \u00een Rom\u00e2nia anilor 1945-1952 au fost abordate de istorici, personalitatea \u0219i guvernarea lui Petru Groza mai necesit\u0103 analizele speciali\u0219tilor. \u00cen acela\u0219i timp, nu lipsit de importan\u021b\u0103 este c\u0103, \u00een perioada de timp avut\u0103 \u00een aten\u021bie de c\u0103tre autoare, rela\u021biile rom\u00e2no-maghiare, respectiv dintre Rom\u00e2nia \u0219i Ungaria au fost foarte intense din punct de vedere politic \u0219i diplomatic, iar modul de raportare a lui Petru Groza la etnicii maghiari din Transilvania a st\u00e2rnit \u00een epoc\u0103 mai degrab\u0103 opinii nefavorabile, dec\u00e2t favorabile. Odat\u0103 ajuns la putere, Groza a luat o serie de hot\u0103r\u00e2ri \u00een favoarea minorit\u0103\u021bii maghiare, m\u0103suri necesare pentru rezolvarea, \u00een interes rom\u00e2nesc, a problemei Transilvaniei.\u201d<\/h4>\n\n\n\n<h2 class=\"wp-block-heading\"><strong><strong><strong>Marcela S\u0103l\u0103gean<\/strong><\/strong><\/strong><\/h2>\n\n\n\n<p><\/p>\n\n\n\n<h4 class=\"wp-block-heading\">\u201eAnaliza realizat\u0103 de Tania-Nicoleta B\u00eec relev\u0103 dinamica special\u0103 a rela\u021biilor rom\u00e2no-maghiare \u00eentr-o perioad\u0103 istoric\u0103 foarte complex\u0103, marcat\u0103 de fenomenele epocii imediat postbelice, impunerea ocupa\u021biei militare sovietice, sovietizarea spa\u021biului est-central-european, realizarea noii structuri geopolitice a regiunii din care f\u0103ceau parte at\u00e2t statul rom\u00e2n, c\u00e2t \u0219i cel maghiar, instaurarea unui regim politic controlat de un partid comunist orientat \u0219i controlat de ocupantul sovietic, pe fondul conflictelor interetnice inflamate de experien\u021bele traumatizante din perioada conflagra\u021biei mondiale care \u00eentocmai se sf\u00e2r\u0219ise, \u00eens\u0103\u0219i reconstruc\u021bia \u0219i refacerea integrit\u0103\u021bii teritoriale a Rom\u00e2niei fiind o miz\u0103 important\u0103, ce trebuia rezolvat\u0103 de guvernul condus de Petru Groza.\u201d<\/h4>\n\n\n\n<h2 class=\"wp-block-heading\"><strong><strong><strong>L\u00f6nh\u00e1rt Tam\u00e1s<\/strong><\/strong><\/strong><\/h2>\n\n\n\n<p><\/p>\n","protected":false},"excerpt":{"rendered":"<p>Minoritatea ucrainean\u0103 \u00een Rom\u00e2nia (1918-1940) Autor:\u00a0Tania-Nicoleta B\u00eec Colec\u021bia Studii I.N.S.T., 2025 13 x 20; 348 p. ISBN print: 978-606-9053-79-9 ISBN<\/p>\n","protected":false},"author":1,"featured_media":0,"comment_status":"closed","ping_status":"open","sticky":false,"template":"","format":"standard","meta":{"footnotes":""},"categories":[436],"tags":[],"class_list":["post-8580","post","type-post","status-publish","format-standard","hentry","category-editura-2025"],"_links":{"self":[{"href":"https:\/\/totalitarism.ro\/index.php?rest_route=\/wp\/v2\/posts\/8580","targetHints":{"allow":["GET"]}}],"collection":[{"href":"https:\/\/totalitarism.ro\/index.php?rest_route=\/wp\/v2\/posts"}],"about":[{"href":"https:\/\/totalitarism.ro\/index.php?rest_route=\/wp\/v2\/types\/post"}],"author":[{"embeddable":true,"href":"https:\/\/totalitarism.ro\/index.php?rest_route=\/wp\/v2\/users\/1"}],"replies":[{"embeddable":true,"href":"https:\/\/totalitarism.ro\/index.php?rest_route=%2Fwp%2Fv2%2Fcomments&post=8580"}],"version-history":[{"count":1,"href":"https:\/\/totalitarism.ro\/index.php?rest_route=\/wp\/v2\/posts\/8580\/revisions"}],"predecessor-version":[{"id":8582,"href":"https:\/\/totalitarism.ro\/index.php?rest_route=\/wp\/v2\/posts\/8580\/revisions\/8582"}],"wp:attachment":[{"href":"https:\/\/totalitarism.ro\/index.php?rest_route=%2Fwp%2Fv2%2Fmedia&parent=8580"}],"wp:term":[{"taxonomy":"category","embeddable":true,"href":"https:\/\/totalitarism.ro\/index.php?rest_route=%2Fwp%2Fv2%2Fcategories&post=8580"},{"taxonomy":"post_tag","embeddable":true,"href":"https:\/\/totalitarism.ro\/index.php?rest_route=%2Fwp%2Fv2%2Ftags&post=8580"}],"curies":[{"name":"wp","href":"https:\/\/api.w.org\/{rel}","templated":true}]}}