{"id":8577,"date":"2025-11-09T13:38:48","date_gmt":"2025-11-09T11:38:48","guid":{"rendered":"https:\/\/totalitarism.ro\/?p=8577"},"modified":"2026-03-12T22:09:50","modified_gmt":"2026-03-12T20:09:50","slug":"minoritatea-ucraineana-in-romania-1918-1940","status":"publish","type":"post","link":"https:\/\/totalitarism.ro\/?p=8577","title":{"rendered":"Minoritatea ucrainean\u0103 din Rom\u00e2nia (1918-1940)"},"content":{"rendered":"\n<p>Minoritatea ucrainean\u0103 \u00een Rom\u00e2nia (1918-1940)<\/p>\n\n\n\n<div class=\"wp-block-group is-vertical is-layout-flex wp-container-core-group-is-layout-2 wp-block-group-is-layout-flex\">\n<div class=\"wp-block-group\"><div class=\"wp-block-group__inner-container is-layout-constrained wp-block-group-is-layout-constrained\">\n<h5 class=\"wp-block-heading\">Autor:&nbsp;<strong><strong><strong>Florin-R\u0103zvan Mihai<\/strong><\/strong><\/strong><\/h5>\n\n\n\n<h5 class=\"wp-block-heading\">Colec\u021bia Studii<\/h5>\n\n\n\n<h5 class=\"wp-block-heading\">I.N.S.T., 2025<\/h5>\n\n\n\n<h5 class=\"wp-block-heading\">13 x 20; 498 p.<\/h5>\n\n\n\n<h5 class=\"wp-block-heading\">ISBN print: 978-606-9053-81-2<\/h5>\n\n\n\n<h5 class=\"wp-block-heading\">ISBN carte online: 978-606-9053-82-9<\/h5>\n<\/div><\/div>\n<\/div>\n\n\n<div class=\"wp-block-image\">\n<figure class=\"aligncenter size-full\"><img fetchpriority=\"high\" decoding=\"async\" width=\"586\" height=\"887\" src=\"https:\/\/totalitarism.ro\/wp-content\/uploads\/2025\/11\/Minoritatea-ucraineana-din-Romania-1918-1940_ok.jpg\" alt=\"\" class=\"wp-image-8590\" srcset=\"https:\/\/totalitarism.ro\/wp-content\/uploads\/2025\/11\/Minoritatea-ucraineana-din-Romania-1918-1940_ok.jpg 586w, https:\/\/totalitarism.ro\/wp-content\/uploads\/2025\/11\/Minoritatea-ucraineana-din-Romania-1918-1940_ok-198x300.jpg 198w\" sizes=\"(max-width: 586px) 100vw, 586px\" \/><\/figure><\/div>\n\n\n<h4 class=\"wp-block-heading\">\u201eCartea este o cercetare fundamental\u0103 pentru \u00een\u021belegerea situa\u021biei minorit\u0103\u021bii ucrainene din Rom\u00e2nia Mare. Folosind numeroase surse arhivistice \u0219i o bogat\u0103 literatur\u0103 istoric\u0103, lucrarea ofer\u0103 o analiz\u0103 detaliat\u0103 asupra istoriei ucrainenilor. Este o lectur\u0103 relevant\u0103 pentru \u00een\u021belegerea complexit\u0103\u021bii vie\u021bii social-politice \u0219i culturale din Rom\u00e2nia interbelic\u0103, oferind informa\u021bii esen\u021biale pentru \u00eendep\u0103rtarea unor nara\u021biuni istorice de tip mitologic.\u201d<\/h4>\n\n\n\n<h2 class=\"wp-block-heading\"><strong><strong>Florin&nbsp;Abraham<\/strong><\/strong><\/h2>\n\n\n\n<p><\/p>\n\n\n\n<h4 class=\"wp-block-heading\">\u201e\u00cen urma unei serioase document\u0103ri, Florin-R\u0103zvan Mihai a reu\u0219it s\u0103 realizeze un tablou complex at\u00e2t asupra strategiilor de conservare identitar\u0103 \u0219i integrare a ucrainenilor \u00een Rom\u00e2nia Mare, c\u00e2t \u0219i asupra rela\u021biei acestei minorit\u0103\u021bi etnice cu autorit\u0103\u021bile rom\u00e2ne. Este un volum despre identitate, convie\u021buire \u0219i vecin\u0103tate \u00een Rom\u00e2nia anilor interbelici, care, cu siguran\u021b\u0103, \u00ee\u0219i va g\u0103si locul cuvenit \u00een istoriografia rom\u00e2n\u0103 \u0219i se va bucura nu doar de aten\u021bia mediului academic, ci \u0219i de interesul tuturor celor pasiona\u021bi de istorie.\u201d<\/h4>\n\n\n\n<h2 class=\"wp-block-heading\"><strong><strong>Marcela S\u0103l\u0103gean<\/strong><\/strong><\/h2>\n\n\n\n<p><\/p>\n","protected":false},"excerpt":{"rendered":"<p>Minoritatea ucrainean\u0103 \u00een Rom\u00e2nia (1918-1940) Autor:&nbsp;Florin-R\u0103zvan Mihai Colec\u021bia Studii I.N.S.T., 2025 13 x 20; 498 p. ISBN print: 978-606-9053-81-2 ISBN<\/p>\n","protected":false},"author":1,"featured_media":0,"comment_status":"closed","ping_status":"open","sticky":false,"template":"","format":"standard","meta":{"footnotes":""},"categories":[436],"tags":[],"class_list":["post-8577","post","type-post","status-publish","format-standard","hentry","category-editura-2025"],"_links":{"self":[{"href":"https:\/\/totalitarism.ro\/index.php?rest_route=\/wp\/v2\/posts\/8577","targetHints":{"allow":["GET"]}}],"collection":[{"href":"https:\/\/totalitarism.ro\/index.php?rest_route=\/wp\/v2\/posts"}],"about":[{"href":"https:\/\/totalitarism.ro\/index.php?rest_route=\/wp\/v2\/types\/post"}],"author":[{"embeddable":true,"href":"https:\/\/totalitarism.ro\/index.php?rest_route=\/wp\/v2\/users\/1"}],"replies":[{"embeddable":true,"href":"https:\/\/totalitarism.ro\/index.php?rest_route=%2Fwp%2Fv2%2Fcomments&post=8577"}],"version-history":[{"count":3,"href":"https:\/\/totalitarism.ro\/index.php?rest_route=\/wp\/v2\/posts\/8577\/revisions"}],"predecessor-version":[{"id":8735,"href":"https:\/\/totalitarism.ro\/index.php?rest_route=\/wp\/v2\/posts\/8577\/revisions\/8735"}],"wp:attachment":[{"href":"https:\/\/totalitarism.ro\/index.php?rest_route=%2Fwp%2Fv2%2Fmedia&parent=8577"}],"wp:term":[{"taxonomy":"category","embeddable":true,"href":"https:\/\/totalitarism.ro\/index.php?rest_route=%2Fwp%2Fv2%2Fcategories&post=8577"},{"taxonomy":"post_tag","embeddable":true,"href":"https:\/\/totalitarism.ro\/index.php?rest_route=%2Fwp%2Fv2%2Ftags&post=8577"}],"curies":[{"name":"wp","href":"https:\/\/api.w.org\/{rel}","templated":true}]}}