{"id":7744,"date":"2025-04-07T23:10:46","date_gmt":"2025-04-07T20:10:46","guid":{"rendered":"https:\/\/totalitarism.ro\/?p=7744"},"modified":"2026-03-12T22:10:38","modified_gmt":"2026-03-12T20:10:38","slug":"istoria-ca-sarbatoare-politica-aniversarile-jubiliare-ale-romaniei-socialiste-1965-1989","status":"publish","type":"post","link":"https:\/\/totalitarism.ro\/?p=7744","title":{"rendered":"Istoria ca s\u0103rb\u0103toare politic\u0103. Anivers\u0103rile jubiliare ale Rom\u00e2niei socialiste, 1965-1989"},"content":{"rendered":"\n<div class=\"wp-block-group is-vertical is-layout-flex wp-container-core-group-is-layout-2 wp-block-group-is-layout-flex\">\n<div class=\"wp-block-group\"><div class=\"wp-block-group__inner-container is-layout-constrained wp-block-group-is-layout-constrained\">\n<h5 class=\"wp-block-heading\">Autor:&nbsp;<strong>Andrei Popa<\/strong><\/h5>\n\n\n\n<h5 class=\"wp-block-heading\">Colec\u021bia Studii<\/h5>\n\n\n\n<h5 class=\"wp-block-heading\">I.N.S.T., 2025<\/h5>\n\n\n\n<h5 class=\"wp-block-heading\">13 x 20; 416 p.<\/h5>\n\n\n\n<h5 class=\"wp-block-heading\">ISBN print: 978-606-9053-41-6 <\/h5>\n\n\n\n<h5 class=\"wp-block-heading\">ISBN carte online: 978-606-9053-60-7<\/h5>\n<\/div><\/div>\n<\/div>\n\n\n<div class=\"wp-block-image\">\n<figure class=\"aligncenter size-large\"><img fetchpriority=\"high\" decoding=\"async\" width=\"665\" height=\"1024\" src=\"https:\/\/totalitarism.ro\/wp-content\/uploads\/2025\/04\/Istoria-ca-sarbatoare-politica-Coperta-665x1024.jpg\" alt=\"\" class=\"wp-image-7745\" srcset=\"https:\/\/totalitarism.ro\/wp-content\/uploads\/2025\/04\/Istoria-ca-sarbatoare-politica-Coperta-665x1024.jpg 665w, https:\/\/totalitarism.ro\/wp-content\/uploads\/2025\/04\/Istoria-ca-sarbatoare-politica-Coperta-195x300.jpg 195w, https:\/\/totalitarism.ro\/wp-content\/uploads\/2025\/04\/Istoria-ca-sarbatoare-politica-Coperta-768x1183.jpg 768w, https:\/\/totalitarism.ro\/wp-content\/uploads\/2025\/04\/Istoria-ca-sarbatoare-politica-Coperta-997x1536.jpg 997w, https:\/\/totalitarism.ro\/wp-content\/uploads\/2025\/04\/Istoria-ca-sarbatoare-politica-Coperta-1330x2048.jpg 1330w, https:\/\/totalitarism.ro\/wp-content\/uploads\/2025\/04\/Istoria-ca-sarbatoare-politica-Coperta.jpg 1531w\" sizes=\"(max-width: 665px) 100vw, 665px\" \/><\/figure><\/div>\n\n\n<p><\/p>\n\n\n\n<h4 class=\"wp-block-heading\">\u201eImportan\u021ba c\u0103r\u021bii lui Andrei Popa nu const\u0103 doar \u00een faptul c\u0103 analizeaz\u0103 istoriografia rom\u00e2n\u0103 \u00een perioada complex\u0103 a regimului Ceau\u0219escu, ci \u0219i \u00een faptul c\u0103 o studiaz\u0103 ca parte a procesului de control al memoriei (colective) istorice a na\u021biunii rom\u00e2ne, folosind instrumentele propagandei de tip totalitar. Cartea de fa\u021b\u0103 se bazeaz\u0103 pe selec\u021bia celor mai importante momente aniversare \u0219i comemorative din istoria rom\u00e2nilor, denumite chiar de c\u0103tre regimul comunist a fi \u00abjubiliare\u00bb (legate de \u00eemplinirea unor cifre rotunde).\u201d Florin Abraham \u201eDincolo de cercetarea empiric\u0103 bine documentat\u0103, meritorie, lucrarea are \u0219i o anumit\u0103 dimensiune teoretic\u0103, de discutare a unor concepte folosite. Autorul surprinde foarte bine dimensiunea propagandistic\u0103 a diverselor anivers\u0103ri ideologizate \u0219i r\u0103spunde la \u00eentreb\u0103rile legate de factorul principal care a poten\u021bat proliferarea acestui gen de celebr\u0103ri menite s\u0103 legitimeze partidul unic \u0219i mai ales pe conduc\u0103torul C.C. al P.C.R. (Nicolae Ceau\u0219escu). Andrei Popa a ales solu\u021bia potrivit\u0103: prive\u0219te spre cauze \u0219i institu\u021bii implicate.\u201d <\/h4>\n\n\n\n<h2 class=\"wp-block-heading\"><strong>Cristian Vasile<\/strong><\/h2>\n\n\n\n<p><\/p>\n","protected":false},"excerpt":{"rendered":"<p>Autor:&nbsp;Andrei Popa Colec\u021bia Studii I.N.S.T., 2025 13 x 20; 416 p. ISBN print: 978-606-9053-41-6 ISBN carte online: 978-606-9053-60-7 \u201eImportan\u021ba c\u0103r\u021bii<\/p>\n","protected":false},"author":1,"featured_media":0,"comment_status":"closed","ping_status":"open","sticky":false,"template":"","format":"standard","meta":{"footnotes":""},"categories":[438],"tags":[],"class_list":["post-7744","post","type-post","status-publish","format-standard","hentry","category-editura2026"],"_links":{"self":[{"href":"https:\/\/totalitarism.ro\/index.php?rest_route=\/wp\/v2\/posts\/7744","targetHints":{"allow":["GET"]}}],"collection":[{"href":"https:\/\/totalitarism.ro\/index.php?rest_route=\/wp\/v2\/posts"}],"about":[{"href":"https:\/\/totalitarism.ro\/index.php?rest_route=\/wp\/v2\/types\/post"}],"author":[{"embeddable":true,"href":"https:\/\/totalitarism.ro\/index.php?rest_route=\/wp\/v2\/users\/1"}],"replies":[{"embeddable":true,"href":"https:\/\/totalitarism.ro\/index.php?rest_route=%2Fwp%2Fv2%2Fcomments&post=7744"}],"version-history":[{"count":3,"href":"https:\/\/totalitarism.ro\/index.php?rest_route=\/wp\/v2\/posts\/7744\/revisions"}],"predecessor-version":[{"id":7772,"href":"https:\/\/totalitarism.ro\/index.php?rest_route=\/wp\/v2\/posts\/7744\/revisions\/7772"}],"wp:attachment":[{"href":"https:\/\/totalitarism.ro\/index.php?rest_route=%2Fwp%2Fv2%2Fmedia&parent=7744"}],"wp:term":[{"taxonomy":"category","embeddable":true,"href":"https:\/\/totalitarism.ro\/index.php?rest_route=%2Fwp%2Fv2%2Fcategories&post=7744"},{"taxonomy":"post_tag","embeddable":true,"href":"https:\/\/totalitarism.ro\/index.php?rest_route=%2Fwp%2Fv2%2Ftags&post=7744"}],"curies":[{"name":"wp","href":"https:\/\/api.w.org\/{rel}","templated":true}]}}