{"id":6181,"date":"2024-01-24T10:34:10","date_gmt":"2024-01-24T08:34:10","guid":{"rendered":"https:\/\/totalitarism.ro\/?p=6181"},"modified":"2024-01-24T10:43:38","modified_gmt":"2024-01-24T08:43:38","slug":"propaganda-si-diplomatie-culturala-in-perioada-comunista-institutul-roman-pentru-relatiile-culturale-cu-strainatatea-o-istorie-inedita","status":"publish","type":"post","link":"https:\/\/totalitarism.ro\/?p=6181","title":{"rendered":"Propagand\u0103 \u0219i diploma\u021bie cultural\u0103 \u00een perioada comunist\u0103: Institutul Rom\u00e2n pentru Rela\u021biile Culturale cu Str\u0103in\u0103tatea \u2013 o istorie inedit\u0103"},"content":{"rendered":"\n<p>Autor:&nbsp;<strong>Carmen Stratone<\/strong><\/p>\n\n\n\n<p>Colec\u021bia Studii<\/p>\n\n\n\n<p>I.N.S.T., 2023<\/p>\n\n\n\n<p>13 x 20; 290 p.<\/p>\n\n\n\n<p>ISBN:&nbsp;978-606-9053-16-4 ISBN carte online: 978-606-9053-19-5<\/p>\n\n\n<div class=\"wp-block-image\">\n<figure class=\"aligncenter size-large\"><img fetchpriority=\"high\" decoding=\"async\" width=\"658\" height=\"1024\" src=\"https:\/\/totalitarism.ro\/wp-content\/uploads\/2024\/01\/Propaganda-si-diplomatie-culturala-658x1024.jpg\" alt=\"\" class=\"wp-image-6170\" srcset=\"https:\/\/totalitarism.ro\/wp-content\/uploads\/2024\/01\/Propaganda-si-diplomatie-culturala-658x1024.jpg 658w, https:\/\/totalitarism.ro\/wp-content\/uploads\/2024\/01\/Propaganda-si-diplomatie-culturala-193x300.jpg 193w, https:\/\/totalitarism.ro\/wp-content\/uploads\/2024\/01\/Propaganda-si-diplomatie-culturala-768x1195.jpg 768w, https:\/\/totalitarism.ro\/wp-content\/uploads\/2024\/01\/Propaganda-si-diplomatie-culturala-987x1536.jpg 987w, https:\/\/totalitarism.ro\/wp-content\/uploads\/2024\/01\/Propaganda-si-diplomatie-culturala-1316x2048.jpg 1316w, https:\/\/totalitarism.ro\/wp-content\/uploads\/2024\/01\/Propaganda-si-diplomatie-culturala.jpg 1536w\" sizes=\"(max-width: 658px) 100vw, 658px\" \/><\/figure><\/div>\n\n\n<p>\u201ePrin aceast\u0103 prim\u0103 istorie monografic\u0103 a Institutului Rom\u00e2n pentru Rela\u021biile Culturale cu Str\u0103in\u0103tatea (IRRCS), dr. Carmen Stratone aduce \u00een fa\u021ba cititorului nu doar o contribu\u021bie inedit\u0103 la cunoa\u0219terea mecanismelor de promovare \u00een str\u0103in\u0103tate a culturii rom\u00e2ne\u0219ti \u00een perioada comunist\u0103, ci \u0219i o incursiune plin\u0103 de culoare \u00een istoria culturii rom\u00e2ne\u0219ti (\u0219i, pe alocuri, chiar universale) din a doua jum\u0103tate a secolului XX.\u201d Dan C\u0103t\u0103nu\u0219<\/p>\n\n\n\n<p>\u201eAutoarea a realizat o selec\u021bie potrivit\u0103 a literaturii de specialitate, reu\u0219ind astfel o tratare detaliat\u0103 \u0219i cvasiexhaustiv\u0103 a temei alese. Subiectul principal al lucr\u0103rii prive\u0219te func\u021bionarea mecanismelor de politic\u0103 extern\u0103 \u0219i de propagand\u0103 cultural\u0103 \u00een afara grani\u021belor asumate de c\u0103tre un stat comunist puternic marcat de sovietizare la \u00eenceput (cca 1948-1955), apoi trecut printr-o faz\u0103 de relativ\u0103 autonomizare \u0219i care sf\u00e2r\u0219e\u0219te prin a-\u0219i neglija institutul de reprezentare cultural\u0103 extern\u0103. Judec\u00e2nd global, IRRCS nu a reu\u0219it s\u0103 desf\u0103\u0219oare o \u00abdiploma\u021bie cultural\u0103\u00bb \u00een adev\u0103ratul sens al cuv\u00e2ntului, \u00een principal din cauza constr\u00e2ngerilor ideologice \u0219i politice majore care i-au grevat mereu existen\u021ba.\u201d Cristian Vasile<\/p>\n\n\n\n<p>\u201e\u00centrebarea la care vrea s\u0103 r\u0103spund\u0103 acest volum este urm\u0103toarea: c\u00e2t a fost influen\u021b\u0103 \u0219i factor ideologic \u00een gestionarea rela\u021bii-lor culturale \u0219i c\u00e2t a fost real succes \u00een promovarea unei identit\u0103\u021bi culturale originale? Sau, extrapol\u00e2nd, propaganda cultural\u0103 \u00een dictatur\u0103 este mai eficient\u0103 \u0219i mai coerent\u0103 dec\u00e2t cea practicat\u0103 \u00eentr-o form\u0103 de guvernare democratic\u0103?\u201d (Carmen Stratone)<\/p>\n","protected":false},"excerpt":{"rendered":"<p>Autor:&nbsp;Carmen Stratone Colec\u021bia Studii I.N.S.T., 2023 13 x 20; 290 p. ISBN:&nbsp;978-606-9053-16-4 ISBN carte online: 978-606-9053-19-5 \u201ePrin aceast\u0103 prim\u0103 istorie<\/p>\n","protected":false},"author":1,"featured_media":0,"comment_status":"closed","ping_status":"open","sticky":false,"template":"","format":"standard","meta":{"footnotes":""},"categories":[1],"tags":[],"class_list":["post-6181","post","type-post","status-publish","format-standard","hentry","category-anunt-prima-sus"],"_links":{"self":[{"href":"https:\/\/totalitarism.ro\/index.php?rest_route=\/wp\/v2\/posts\/6181","targetHints":{"allow":["GET"]}}],"collection":[{"href":"https:\/\/totalitarism.ro\/index.php?rest_route=\/wp\/v2\/posts"}],"about":[{"href":"https:\/\/totalitarism.ro\/index.php?rest_route=\/wp\/v2\/types\/post"}],"author":[{"embeddable":true,"href":"https:\/\/totalitarism.ro\/index.php?rest_route=\/wp\/v2\/users\/1"}],"replies":[{"embeddable":true,"href":"https:\/\/totalitarism.ro\/index.php?rest_route=%2Fwp%2Fv2%2Fcomments&post=6181"}],"version-history":[{"count":1,"href":"https:\/\/totalitarism.ro\/index.php?rest_route=\/wp\/v2\/posts\/6181\/revisions"}],"predecessor-version":[{"id":6183,"href":"https:\/\/totalitarism.ro\/index.php?rest_route=\/wp\/v2\/posts\/6181\/revisions\/6183"}],"wp:attachment":[{"href":"https:\/\/totalitarism.ro\/index.php?rest_route=%2Fwp%2Fv2%2Fmedia&parent=6181"}],"wp:term":[{"taxonomy":"category","embeddable":true,"href":"https:\/\/totalitarism.ro\/index.php?rest_route=%2Fwp%2Fv2%2Fcategories&post=6181"},{"taxonomy":"post_tag","embeddable":true,"href":"https:\/\/totalitarism.ro\/index.php?rest_route=%2Fwp%2Fv2%2Ftags&post=6181"}],"curies":[{"name":"wp","href":"https:\/\/api.w.org\/{rel}","templated":true}]}}