{"id":5622,"date":"2023-11-29T08:43:00","date_gmt":"2023-11-29T06:43:00","guid":{"rendered":"https:\/\/totalitarism.ro\/?p=5622"},"modified":"2023-11-29T11:11:53","modified_gmt":"2023-11-29T09:11:53","slug":"memorii-vol-vi-thalassa-thalassa-thalassa","status":"publish","type":"post","link":"https:\/\/totalitarism.ro\/?p=5622","title":{"rendered":"Memorii,\u00a0 Vol.\u00a0 VI: Thalassa!\u00a0 Thalassa! Thalassa!"},"content":{"rendered":"\n<p>Autor: <strong>Radu\u00a0 Ciuceanu<\/strong><\/p>\n\n\n\n<p>Colec\u021bia Memorii<\/p>\n\n\n\n<p>I.N.S.T., 2017<\/p>\n\n\n\n<p>17 x 24; 344 p.<\/p>\n\n\n\n<p>ISBN: 978-973-7861-95-5<\/p>\n\n\n\n<p>Pre\u021b \u2013<\/p>\n\n\n\n<figure class=\"wp-block-gallery has-nested-images columns-default is-cropped wp-block-gallery-1 is-layout-flex wp-block-gallery-is-layout-flex\">\n<figure class=\"wp-block-image size-large\"><img fetchpriority=\"high\" decoding=\"async\" width=\"738\" height=\"1024\" data-id=\"5615\" src=\"https:\/\/totalitarism.ro\/wp-content\/uploads\/2023\/11\/2017-Ciuceanu-Thalassa-738x1024.jpeg\" alt=\"\" class=\"wp-image-5615\" srcset=\"https:\/\/totalitarism.ro\/wp-content\/uploads\/2023\/11\/2017-Ciuceanu-Thalassa-738x1024.jpeg 738w, https:\/\/totalitarism.ro\/wp-content\/uploads\/2023\/11\/2017-Ciuceanu-Thalassa-216x300.jpeg 216w, https:\/\/totalitarism.ro\/wp-content\/uploads\/2023\/11\/2017-Ciuceanu-Thalassa-768x1066.jpeg 768w, https:\/\/totalitarism.ro\/wp-content\/uploads\/2023\/11\/2017-Ciuceanu-Thalassa-1106x1536.jpeg 1106w, https:\/\/totalitarism.ro\/wp-content\/uploads\/2023\/11\/2017-Ciuceanu-Thalassa-1475x2048.jpeg 1475w, https:\/\/totalitarism.ro\/wp-content\/uploads\/2023\/11\/2017-Ciuceanu-Thalassa-scaled.jpeg 1844w\" sizes=\"(max-width: 738px) 100vw, 738px\" \/><\/figure>\n<\/figure>\n\n\n\n<p><\/p>\n\n\n\n<p>\u201eCel mai recent volum din \u0219irul Memoriilor domnului Radu Ciuceanu cuprinde amintiri din ultima parte a celor 15 ani de deten\u021bie \u00een temni\u021bele comuniste. \u0218i \u00een scrierea acestui volum, directorul fondator al <em>Institutului Na\u021bional pentru Studiul Totalitarismului <\/em>respect\u0103 o serie de criterii, dup\u0103 cum le-a enumerat \u00eentr-o m\u0103rturisire public\u0103. Secven\u021bele prezentate sunt \u201efiltrate\u201d astfel \u00eenc\u00e2t \u201es\u0103 reziste criticii istorice\u201d, \u201es\u0103 se poat\u0103 \u00eentoarce \u00eempotriva fantomelor r\u0103ului\u201d \u0219i \u201es\u0103 fie de folos patriei\u201d. De aici decurge o serie de caracteristici ale memoriilor. Autorul lor nu dore\u0219te s\u0103 prezinte fapte care doar s\u0103 impresioneze cititorul sau care s\u0103 plaseze, cumva, personajul principal \u00een sfera victimiz\u0103rii. Se ia din cumplita experien\u021b\u0103 a regimului carceral \u0219i din lungile discu\u021bii \u00eentre colegii de celul\u0103 doar ceea ce poate s\u0103 fie de folos genera\u021biilor actuale \u0219i viitoare, evit\u00e2ndu-se, pe c\u00e2t posibil, nuan\u021bele subiective \u00een redarea unor adev\u0103ruri istorice. Dar, mai sesiz\u0103m aici, \u00een maniera de redactare a memoriilor, \u0219i nuan\u021ba unei necesare exorciz\u0103ri. Memoriile domnului Radu Ciuceanu sunt ca un soi de spovedanie public\u0103, precum se \u00eent\u00e2mpla \u00een primele veacuri de cre\u0219tinism. Numai c\u0103 aici survine o particularitate. Dac\u0103 la primii cre\u0219tini m\u0103rturisirea era pasul necesar, premerg\u0103tor reintegr\u0103rii \u00een comunitatea bisericeasc\u0103, \u00een Trupul lui Hristos (cf. I Corinteni 12, 27), prin Radu Ciuceanu, mai degrab\u0103 comunitatea rom\u00e2neasc\u0103 recupereaz\u0103 \u0219i reintegreaz\u0103 acea parte din istoria sa, ocultat\u0103, p\u00e2n\u0103 nu demult, de un regim totalitar \u0219i ateu. Acesta este, poate, \u0219i motivul pentru care domnia sa m\u0103rturise\u0219te c\u0103, rememor\u00e2nd \u00een scris cele p\u0103timite de cei ce au \u201egustat\u201d din calvarul pu\u0219c\u0103riilor comuniste, \u201e\u00ee\u0219i sim\u021bea m\u00e2na c\u0103l\u0103uzit\u0103 de o datorie\u201d. (\u2020 Teofan, Mitropolitul Moldovei \u0219i Bucovinei)<\/p>\n\n\n\n<p>*<\/p>\n\n\n\n<p>\u201eUn nou volum de memorii \u2013 ultimul, \u00een\u021beleg \u2013 semnat de Radu Ciuceanu, este \u00eenc\u0103 o c\u0103l\u0103torie \u00een infernul carceral al Rom\u00e2niei totalitare. Jilava \u0219i Gherla sunt scenele teribile pe care, din 1957 p\u00e2n\u0103 \u00een 1963, se perind\u0103 victime \u0219i tor\u021bionari, prin\u021bi \u0219i buc\u0103tari, preo\u021bi \u0219i legionari, personaje istorice precum basarabeanul Pantelimon Halippa \u0219i mul\u021bi al\u021bii&#8230; Revolte, greve, liturghii improvizate, suferin\u021be de neimaginat, dar \u0219i rezisten\u021ba prin \u201eore de istorie na\u021bional\u0103\u201d, toate alc\u0103tuiesc o ampl\u0103 fresc\u0103, greu de uitat. Iar finalul, cu eliberarea m\u00e2ntuitoare, cu gesturi de solidaritate mi\u0219c\u0103toare, ne pune \u00een fa\u021b\u0103 pagini care al\u0103tur\u0103 drama \u0219i extazul. Avem \u00een fa\u021b\u0103 un volum de istorie scris de un istoric care a f\u0103cut istorie!\u201d (Academician R\u0103zvan Theodorescu)<\/p>\n\n\n\n<p>*<\/p>\n\n\n\n<p>Dac\u0103 mi s-ar oferi ocazia de a scrie povestea vie\u021bii lui Radu Ciuceanu a\u0219 \u00eencepe f\u0103c\u00e2nd desenul unei \u00eenc\u0103peri, una din acele camere de anchet\u0103 de la N.K.V.D., de unde nu puteai fi sigur dac\u0103 vei mai ie\u0219i vreodat\u0103 pe picioarele tale. Execu\u021biile aveau loc, dup\u0103 tipicul sovietic, noaptea, cei care anchetau pronun\u021b\u00e2nd, ca \u00een vremea CEKA, \u0219i condamnarea la moarte. Cine ajungea din nou \u00een sediile Securit\u0103\u021bii socotea c\u0103 a avut un dram de noroc. Nu pentru c\u0103 acolo nu s-ar fi b\u0103tut, nu s-ar fi torturat, uneori dup\u0103 re\u021bete perverse&#8230; C\u00e2nd un procuror a venit de la Bucure\u0219ti pentru a-l ancheta pe Radu Ciuceanu, era, desigur, \u00eenc\u0103 o \u00eencercare de a deconspira conducerea grup\u0103rii de rezisten\u021b\u0103 din Oltenia, interogatoriul a \u00eenceput cu \u00eentreb\u0103ri sacadate, pentru a face apoi un salt spre o teribil\u0103 tortur\u0103: arderea t\u0103lpilor \u00een buza sobei. Urletele celui chinuit au fost repede acoperite cu un c\u0103lu\u0219. L\u0103sat \u00een nesim\u021bire, legat de scaun, t\u00e2n\u0103rul de\u021binut a fost \u00eengrijit, dup\u0103 plecarea procurorului, de doi mili\u021bieni. Rana necur\u0103\u021bat\u0103, \u00een care resturile de l\u00e2n\u0103 ars\u0103 se amestecau cu buc\u0103\u021bi de carne, putea aduce \u00een corp o infec\u021bie fatal\u0103. (Octavian Roske)<\/p>\n\n\n\n<p>* Structurat \u00een 40 de capitole, de \u00eentindere variabil\u0103, volumul al \u0219aselea (\u0219i ultimul) al <em>Memoriilor <\/em>Domnului Profesor Radu Ciuceanu, intitulat (cum altfel!) <em>Thalassa! Thalassa! Thalassa!<\/em>, a\u0219terne \u00een fa\u021ba ochilor no\u0219tri segmentul final al periplului carceral al autorului, acoperind perioada 1956-1963. Suntem lua\u021bi \u0219i purta\u021bi, din nou, \u00een prelungirea volumelor anterioare, peste Golgota Iadului Ro\u0219u, pe ale c\u0103rei pante abrupte, de st\u00e2nc\u0103 aspr\u0103, \u00eencins\u0103, col\u021buroas\u0103 s-au topit, prelins \u0219i solidificat, contopindu-se cu masa mineral\u0103, de dedesubt, timpul a aproape dou\u0103 decenii de istorie postbelic\u0103 a Rom\u00e2niei: destine individuale \u0219i colective, valori materiale, morale \u0219i spirituale ale societ\u0103\u021bii rom\u00e2ne\u0219ti tradi\u021bionale, dezn\u0103dejdi \u0219i speran\u021be\u2026 (Corneliu Beldiman)<\/p>\n","protected":false},"excerpt":{"rendered":"<p>Autor: Radu\u00a0 Ciuceanu Colec\u021bia Memorii I.N.S.T., 2017 17 x 24; 344 p. ISBN: 978-973-7861-95-5 Pre\u021b \u2013 \u201eCel mai recent volum<\/p>\n","protected":false},"author":1,"featured_media":0,"comment_status":"closed","ping_status":"open","sticky":false,"template":"","format":"standard","meta":{"footnotes":""},"categories":[416],"tags":[],"class_list":["post-5622","post","type-post","status-publish","format-standard","hentry","category-editura-2017"],"_links":{"self":[{"href":"https:\/\/totalitarism.ro\/index.php?rest_route=\/wp\/v2\/posts\/5622","targetHints":{"allow":["GET"]}}],"collection":[{"href":"https:\/\/totalitarism.ro\/index.php?rest_route=\/wp\/v2\/posts"}],"about":[{"href":"https:\/\/totalitarism.ro\/index.php?rest_route=\/wp\/v2\/types\/post"}],"author":[{"embeddable":true,"href":"https:\/\/totalitarism.ro\/index.php?rest_route=\/wp\/v2\/users\/1"}],"replies":[{"embeddable":true,"href":"https:\/\/totalitarism.ro\/index.php?rest_route=%2Fwp%2Fv2%2Fcomments&post=5622"}],"version-history":[{"count":2,"href":"https:\/\/totalitarism.ro\/index.php?rest_route=\/wp\/v2\/posts\/5622\/revisions"}],"predecessor-version":[{"id":5628,"href":"https:\/\/totalitarism.ro\/index.php?rest_route=\/wp\/v2\/posts\/5622\/revisions\/5628"}],"wp:attachment":[{"href":"https:\/\/totalitarism.ro\/index.php?rest_route=%2Fwp%2Fv2%2Fmedia&parent=5622"}],"wp:term":[{"taxonomy":"category","embeddable":true,"href":"https:\/\/totalitarism.ro\/index.php?rest_route=%2Fwp%2Fv2%2Fcategories&post=5622"},{"taxonomy":"post_tag","embeddable":true,"href":"https:\/\/totalitarism.ro\/index.php?rest_route=%2Fwp%2Fv2%2Ftags&post=5622"}],"curies":[{"name":"wp","href":"https:\/\/api.w.org\/{rel}","templated":true}]}}