{"id":5602,"date":"2023-11-29T08:17:08","date_gmt":"2023-11-29T06:17:08","guid":{"rendered":"https:\/\/totalitarism.ro\/?p=5602"},"modified":"2023-11-29T11:12:35","modified_gmt":"2023-11-29T09:12:35","slug":"romania-1945-1989-enciclopedia-regimului-comunist-represiunea-vol-iiip-r","status":"publish","type":"post","link":"https:\/\/totalitarism.ro\/?p=5602","title":{"rendered":"Rom\u00e2nia 1945\u20131989. Enciclopedia regimului comunist. Represiunea, Vol. III,P-R"},"content":{"rendered":"\n<p>Autor: <strong>Octavian Roske (coordonator)<\/strong><\/p>\n\n\n\n<p>Colec\u021bia Enciclopedii<\/p>\n\n\n\n<p>I.N.S.T., 2016<\/p>\n\n\n\n<p>17 x 24; 780 p.<\/p>\n\n\n\n<p>ISBN 978-973-7961-79-5<\/p>\n\n\n\n<p>Volum publicat cu sprijinul Administra\u021biei Fondului Cultural Na\u021bional<\/p>\n\n\n\n<figure class=\"wp-block-gallery has-nested-images columns-default is-cropped wp-block-gallery-1 is-layout-flex wp-block-gallery-is-layout-flex\">\n<figure class=\"wp-block-image size-large\"><img fetchpriority=\"high\" decoding=\"async\" width=\"690\" height=\"1024\" data-id=\"5580\" src=\"https:\/\/totalitarism.ro\/wp-content\/uploads\/2023\/11\/Roske-Represiunea-P-R-690x1024.jpg\" alt=\"\" class=\"wp-image-5580\" srcset=\"https:\/\/totalitarism.ro\/wp-content\/uploads\/2023\/11\/Roske-Represiunea-P-R-690x1024.jpg 690w, https:\/\/totalitarism.ro\/wp-content\/uploads\/2023\/11\/Roske-Represiunea-P-R-202x300.jpg 202w, https:\/\/totalitarism.ro\/wp-content\/uploads\/2023\/11\/Roske-Represiunea-P-R-768x1140.jpg 768w, https:\/\/totalitarism.ro\/wp-content\/uploads\/2023\/11\/Roske-Represiunea-P-R-1034x1536.jpg 1034w, https:\/\/totalitarism.ro\/wp-content\/uploads\/2023\/11\/Roske-Represiunea-P-R-1379x2048.jpg 1379w, https:\/\/totalitarism.ro\/wp-content\/uploads\/2023\/11\/Roske-Represiunea-P-R-scaled.jpg 1724w\" sizes=\"(max-width: 690px) 100vw, 690px\" \/><\/figure>\n<\/figure>\n\n\n\n<p><\/p>\n\n\n\n<p>\u201eConsacrat literelor P-R, volumul de fa\u021b\u0103 con\u021bine informa\u021bii despre locuri de deten\u021bie, precum penitenciare (la articolele Piatra Neam\u021b, Pite\u0219ti, Ploie\u0219ti, Poarta Alb\u0103,\u00a0 R\u0103d\u0103u\u021bi, R\u00e2mnicu S\u0103rat, R\u00e2mnicu V\u00e2lcea, Roman), colonii de munc\u0103 (Pardina, Peninsula, Periprava, Peri\u0219, Piatra Frec\u0103\u021bei, Pope\u0219ti Leordeni, Ro\u0219ia Pipera, Roznov) centre de anchet\u0103 (Rahova),\u00a0 lag\u0103re de munc\u0103 (Perie\u021bi, Pl\u0103t\u0103re\u0219ti), deta\u0219amente de munc\u0103 (Petro\u0219ani, Ro\u0219iori de Vede),\u00a0 localit\u0103\u021bi folosite ca domiciliu obligatoriu (P\u0103rte\u0219ti, Pelicanu, Petre\u0219ti, Pietri\u0219u, Prisaca, R\u0103chitoasa \u2013 jud. Bac\u0103u, R\u0103chitoasa \u2013 jud. Ialomi\u021ba, R\u0103d\u0103\u0219eni, R\u0103de\u0219ti, R\u0103suceni, Reghin, Ro\u0219u, Rubla), centre de deten\u021bie (P\u00e2ncota), spitale sau sec\u021bii de psihiatrie folosite pentru neutralizarea opozan\u021bilor \u0219i disiden\u021bilor (Podari, Poiana Mare, R\u0103duc\u0103neni). Mai multe articole din acest volum au ca subiect victimele represiunii, de la categorii profesionale (poli\u021bi\u0219ti), la culte, asocia\u021bii sau manifest\u0103ri religioase (penticostal, pres\u0103 religioas\u0103, prozelitism, reforma \u00eenv\u0103\u021b\u0103m\u00e2ntului religios, Rugul Aprins), de la comunit\u0103\u021bi etnice (\u2026), la partidele politice considerate ostile regimului comunist (\u2026). Alte articole con\u021bin informa\u021bii despre terminologia utilizat\u0103 \u00een anchete, rechizitorii, sentin\u021be sau diverse acte cu caracter normative care au constituit suportul juridic al m\u0103surilor represive\u201d (Octavian Roske).<\/p>\n","protected":false},"excerpt":{"rendered":"<p>Autor: Octavian Roske (coordonator) Colec\u021bia Enciclopedii I.N.S.T., 2016 17 x 24; 780 p. ISBN 978-973-7961-79-5 Volum publicat cu sprijinul Administra\u021biei<\/p>\n","protected":false},"author":1,"featured_media":0,"comment_status":"closed","ping_status":"open","sticky":false,"template":"","format":"standard","meta":{"footnotes":""},"categories":[414],"tags":[],"class_list":["post-5602","post","type-post","status-publish","format-standard","hentry","category-editura-2016"],"_links":{"self":[{"href":"https:\/\/totalitarism.ro\/index.php?rest_route=\/wp\/v2\/posts\/5602","targetHints":{"allow":["GET"]}}],"collection":[{"href":"https:\/\/totalitarism.ro\/index.php?rest_route=\/wp\/v2\/posts"}],"about":[{"href":"https:\/\/totalitarism.ro\/index.php?rest_route=\/wp\/v2\/types\/post"}],"author":[{"embeddable":true,"href":"https:\/\/totalitarism.ro\/index.php?rest_route=\/wp\/v2\/users\/1"}],"replies":[{"embeddable":true,"href":"https:\/\/totalitarism.ro\/index.php?rest_route=%2Fwp%2Fv2%2Fcomments&post=5602"}],"version-history":[{"count":1,"href":"https:\/\/totalitarism.ro\/index.php?rest_route=\/wp\/v2\/posts\/5602\/revisions"}],"predecessor-version":[{"id":5604,"href":"https:\/\/totalitarism.ro\/index.php?rest_route=\/wp\/v2\/posts\/5602\/revisions\/5604"}],"wp:attachment":[{"href":"https:\/\/totalitarism.ro\/index.php?rest_route=%2Fwp%2Fv2%2Fmedia&parent=5602"}],"wp:term":[{"taxonomy":"category","embeddable":true,"href":"https:\/\/totalitarism.ro\/index.php?rest_route=%2Fwp%2Fv2%2Fcategories&post=5602"},{"taxonomy":"post_tag","embeddable":true,"href":"https:\/\/totalitarism.ro\/index.php?rest_route=%2Fwp%2Fv2%2Ftags&post=5602"}],"curies":[{"name":"wp","href":"https:\/\/api.w.org\/{rel}","templated":true}]}}