{"id":5590,"date":"2023-11-29T08:06:06","date_gmt":"2023-11-29T06:06:06","guid":{"rendered":"https:\/\/totalitarism.ro\/?p=5590"},"modified":"2023-11-29T11:12:47","modified_gmt":"2023-11-29T09:12:47","slug":"confesiunile-elitei-comuniste-romania-1944-1965-rivalitati-represiuni-crime-arhiva-alexandru-siperco-vol-ii","status":"publish","type":"post","link":"https:\/\/totalitarism.ro\/?p=5590","title":{"rendered":"Confesiunile elitei comuniste. Rom\u00e2nia 1944-1965: Rivalit\u0103\u021bi, represiuni, crime\u2026 Arhiva Alexandru \u0218iperco, vol. II"},"content":{"rendered":"\n<p>Autor: <strong>Andrei \u0218iperco (editor)<\/strong><\/p>\n\n\n\n<p>Edi\u021bie, cuv\u00e2nt \u00eenainte, not\u0103 asupra edi\u021biei, bibliografie selectiv\u0103, indice de persoane \u0219i note de Andrei \u0218iperco<\/p>\n\n\n\n<p>Prefa\u021b\u0103 de \u0218tefan Bosomitu<\/p>\n\n\n\n<p>Colec\u021bia Documente<\/p>\n\n\n\n<p>I.N.S.T., 2016<\/p>\n\n\n\n<p>17 x 24; 442 p.<\/p>\n\n\n\n<p>ISBN: 978-973-7861-93-1 &nbsp;<\/p>\n\n\n\n<p>Volum ap\u0103rut cu sprijinul Institutului de Investigare a Crimelor Comunismului \u0219i Memoria Exilului Rom\u00e2nesc<\/p>\n\n\n\n<p>Pre\u021b: 30 lei<\/p>\n\n\n\n<figure class=\"wp-block-gallery has-nested-images columns-default is-cropped wp-block-gallery-1 is-layout-flex wp-block-gallery-is-layout-flex\">\n<figure class=\"wp-block-image size-large is-style-default\"><img fetchpriority=\"high\" decoding=\"async\" width=\"736\" height=\"1024\" data-id=\"5579\" src=\"https:\/\/totalitarism.ro\/wp-content\/uploads\/2023\/11\/Siperco-vol.-2-736x1024.jpg\" alt=\"\" class=\"wp-image-5579\" srcset=\"https:\/\/totalitarism.ro\/wp-content\/uploads\/2023\/11\/Siperco-vol.-2-736x1024.jpg 736w, https:\/\/totalitarism.ro\/wp-content\/uploads\/2023\/11\/Siperco-vol.-2-216x300.jpg 216w, https:\/\/totalitarism.ro\/wp-content\/uploads\/2023\/11\/Siperco-vol.-2-768x1069.jpg 768w, https:\/\/totalitarism.ro\/wp-content\/uploads\/2023\/11\/Siperco-vol.-2-1104x1536.jpg 1104w, https:\/\/totalitarism.ro\/wp-content\/uploads\/2023\/11\/Siperco-vol.-2-1472x2048.jpg 1472w, https:\/\/totalitarism.ro\/wp-content\/uploads\/2023\/11\/Siperco-vol.-2-scaled.jpg 1840w\" sizes=\"(max-width: 736px) 100vw, 736px\" \/><\/figure>\n<\/figure>\n\n\n\n<p><\/p>\n\n\n\n<p>\u201eConsacrat literelor P-R, volumul de fa\u021b\u0103 con\u021bine informa\u021bii despre locuri de deten\u021bie, precum penitenciare (la articolele Piatra Neam\u021b, Pite\u0219ti, Ploie\u0219ti, Poarta Alb\u0103,\u00a0 R\u0103d\u0103u\u021bi, R\u00e2mnicu S\u0103rat, R\u00e2mnicu V\u00e2lcea, Roman), colonii de munc\u0103 (Pardina, Peninsula, Periprava, Peri\u0219, Piatra Frec\u0103\u021bei, Pope\u0219ti Leordeni, Ro\u0219ia Pipera, Roznov) centre de anchet\u0103 (Rahova),\u00a0 lag\u0103re de munc\u0103 (Perie\u021bi, Pl\u0103t\u0103re\u0219ti), deta\u0219amente de munc\u0103 (Petro\u0219ani, Ro\u0219iori de Vede),\u00a0 localit\u0103\u021bi folosite ca domiciliu obligatoriu (P\u0103rte\u0219ti, Pelicanu, Petre\u0219ti, Pietri\u0219u, Prisaca, R\u0103chitoasa \u2013 jud. Bac\u0103u, R\u0103chitoasa \u2013 jud. Ialomi\u021ba, R\u0103d\u0103\u0219eni, R\u0103de\u0219ti, R\u0103suceni, Reghin, Ro\u0219u, Rubla), centre de deten\u021bie (P\u00e2ncota), spitale sau sec\u021bii de psihiatrie folosite pentru neutralizarea opozan\u021bilor \u0219i disiden\u021bilor (Podari, Poiana Mare, R\u0103duc\u0103neni). Mai multe articole din acest volum au ca subiect victimele represiunii, de la categorii profesionale (poli\u021bi\u0219ti), la culte, asocia\u021bii sau manifest\u0103ri religioase (penticostal, pres\u0103 religioas\u0103, prozelitism, reforma \u00eenv\u0103\u021b\u0103m\u00e2ntului religios, Rugul Aprins), de la comunit\u0103\u021bi etnice (\u2026), la partidele politice considerate ostile regimului comunist (\u2026). Alte articole con\u021bin informa\u021bii despre terminologia utilizat\u0103 \u00een anchete, rechizitorii, sentin\u021be sau diverse acte cu caracter normative care au constituit suportul juridic al m\u0103surilor represive\u201d (Octavian Roske).<\/p>\n","protected":false},"excerpt":{"rendered":"<p>Autor: Andrei \u0218iperco (editor) Edi\u021bie, cuv\u00e2nt \u00eenainte, not\u0103 asupra edi\u021biei, bibliografie selectiv\u0103, indice de persoane \u0219i note de Andrei \u0218iperco<\/p>\n","protected":false},"author":1,"featured_media":0,"comment_status":"closed","ping_status":"open","sticky":false,"template":"","format":"standard","meta":{"footnotes":""},"categories":[414],"tags":[],"class_list":["post-5590","post","type-post","status-publish","format-standard","hentry","category-editura-2016"],"_links":{"self":[{"href":"https:\/\/totalitarism.ro\/index.php?rest_route=\/wp\/v2\/posts\/5590","targetHints":{"allow":["GET"]}}],"collection":[{"href":"https:\/\/totalitarism.ro\/index.php?rest_route=\/wp\/v2\/posts"}],"about":[{"href":"https:\/\/totalitarism.ro\/index.php?rest_route=\/wp\/v2\/types\/post"}],"author":[{"embeddable":true,"href":"https:\/\/totalitarism.ro\/index.php?rest_route=\/wp\/v2\/users\/1"}],"replies":[{"embeddable":true,"href":"https:\/\/totalitarism.ro\/index.php?rest_route=%2Fwp%2Fv2%2Fcomments&post=5590"}],"version-history":[{"count":3,"href":"https:\/\/totalitarism.ro\/index.php?rest_route=\/wp\/v2\/posts\/5590\/revisions"}],"predecessor-version":[{"id":5601,"href":"https:\/\/totalitarism.ro\/index.php?rest_route=\/wp\/v2\/posts\/5590\/revisions\/5601"}],"wp:attachment":[{"href":"https:\/\/totalitarism.ro\/index.php?rest_route=%2Fwp%2Fv2%2Fmedia&parent=5590"}],"wp:term":[{"taxonomy":"category","embeddable":true,"href":"https:\/\/totalitarism.ro\/index.php?rest_route=%2Fwp%2Fv2%2Fcategories&post=5590"},{"taxonomy":"post_tag","embeddable":true,"href":"https:\/\/totalitarism.ro\/index.php?rest_route=%2Fwp%2Fv2%2Ftags&post=5590"}],"curies":[{"name":"wp","href":"https:\/\/api.w.org\/{rel}","templated":true}]}}